{"id":1574,"date":"2023-12-05T11:50:23","date_gmt":"2023-12-05T10:50:23","guid":{"rendered":"https:\/\/sanfeliz.es\/?p=1574"},"modified":"2024-04-16T17:08:02","modified_gmt":"2024-04-16T15:08:02","slug":"restaurante-monte-en-san-feliz-consigue-una-estrella-verde-de-michelin","status":"publish","type":"post","link":"https:\/\/sanfeliz.es\/en\/2023\/12\/05\/restaurante-monte-en-san-feliz-consigue-una-estrella-verde-de-michelin\/","title":{"rendered":"Restaurante Monte consigue otra Estrella Michelin"},"content":{"rendered":"<figure id=\"attachment_1575\" aria-describedby=\"caption-attachment-1575\" style=\"width: 169px\" class=\"wp-caption alignnone\"><img fetchpriority=\"high\" decoding=\"async\" class=\"wp-image-1575 size-medium\" src=\"https:\/\/sanfeliz.es\/wp-content\/uploads\/2023\/12\/ff9d6089-cf17-4b26-a7de-349cce07e91a-2-169x300.jpg\" alt=\"Restaurante Monte en San Feliz consigue otra Estrella Michelin\" width=\"169\" height=\"300\" srcset=\"https:\/\/sanfeliz.es\/wp-content\/uploads\/2023\/12\/ff9d6089-cf17-4b26-a7de-349cce07e91a-2-169x300.jpg 169w, https:\/\/sanfeliz.es\/wp-content\/uploads\/2023\/12\/ff9d6089-cf17-4b26-a7de-349cce07e91a-2-576x1024.jpg 576w, https:\/\/sanfeliz.es\/wp-content\/uploads\/2023\/12\/ff9d6089-cf17-4b26-a7de-349cce07e91a-2-768x1365.jpg 768w, https:\/\/sanfeliz.es\/wp-content\/uploads\/2023\/12\/ff9d6089-cf17-4b26-a7de-349cce07e91a-2-864x1536.jpg 864w, https:\/\/sanfeliz.es\/wp-content\/uploads\/2023\/12\/ff9d6089-cf17-4b26-a7de-349cce07e91a-2.jpg 1080w\" sizes=\"(max-width: 169px) 100vw, 169px\" \/><figcaption id=\"caption-attachment-1575\" class=\"wp-caption-text\">Restaurante Monte en San Feliz consigue otra Estrella Michelin<\/figcaption><\/figure>\n<p><strong>Restaurante Monte en San Feliz<\/strong> ha vuelto a hacer historia.<\/p>\n<p>Tan solo 3 a\u00f1os despu\u00e9s de su apertura, con una pandemia de por medio, el <strong>chef Xune Andrade<\/strong> consigui\u00f3 para el restaurante <strong>Monte, en <a href=\"https:\/\/sanfeliz.es\/en\/\">San Feliz<\/a><\/strong>, su primera <strong>Estrella Michelin<\/strong> en noviembre de 2022. Convirti\u00e9ndose as\u00ed, en el <strong>primer restaurante con Estrella Michelin en las Cuencas Mineras y en la Monta\u00f1a Central de Asturias.<\/strong><\/p>\n<p>Un a\u00f1o m\u00e1s tarde, sigui\u00f3 mejorando y apostando por la cocina de territorio y este noviembre de 2023, obtuvo el reconocimiento de la <strong>Estrella Verde<\/strong>, siendo <strong>uno de los tan solo 49 restaurantes en Espa\u00f1a<\/strong> con esta distinci\u00f3n que Michelin premia por tener como base de su filosof\u00eda la <strong>sostenibilidad y la econom\u00eda circular<\/strong>.<\/p>\n<p><strong>Qu\u00e9 orgullosos estamos de tener enfrente de nuestros apartamentos a un referente nacional de la gastronom\u00eda asturiana.\u00a0<\/strong><\/p>\n<p>Quien no se quiera perder esta maravillosa y \u00fanica experiencia, tiene que hacer su reserva a trav\u00e9s de la <a href=\"https:\/\/www.montesanfeliz.com\/\"><strong>p\u00e1gina web oficial<\/strong><\/a>.<\/p>\n<p>\u00a1Enhorabuena Monte!<\/p>","protected":false},"excerpt":{"rendered":"<p>Restaurante Monte en San Feliz ha vuelto a hacer historia. Tan solo 3 a\u00f1os despu\u00e9s de su apertura, con una pandemia de por medio, el chef Xune Andrade consigui\u00f3 para el restaurante Monte, en San Feliz, su primera Estrella Michelin en noviembre de 2022. Convirti\u00e9ndose as\u00ed, en el primer restaurante con Estrella Michelin en las [&hellip;]<\/p>\n","protected":false},"author":2,"featured_media":1575,"comment_status":"closed","ping_status":"closed","sticky":false,"template":"","format":"standard","meta":{"footnotes":""},"categories":[1],"tags":[6,18,7,19,20,9,10,11,13,14,15,16,66],"class_list":["post-1574","post","type-post","status-publish","format-standard","has-post-thumbnail","hentry","category-sin-categoria","tag-apartamentos","tag-apartamentosasturias","tag-asturias","tag-asturiasparaisonatural","tag-feliz","tag-lena","tag-montanacentralasturias","tag-naturaleza","tag-rural","tag-ruralife","tag-sanfeliz","tag-turismo","tag-turismoasturias-familia-familiaviajera-petfriendly-monterestaurante-montesanfeliz-estrellamichelin-michelinespana-michelin2023"],"yoast_head":"<!-- This site is optimized with the Yoast SEO plugin v27.5 - https:\/\/yoast.com\/product\/yoast-seo-wordpress\/ -->\n<title>Restaurante Monte consigue otra Estrella Michelin - Espacio Rural San Feliz<\/title>\n<meta name=\"description\" content=\"El Restaurante Monte en San Feliz ha ganado una Estrella Verde Michelin, gracias a su filosof\u00eda sostenible y econom\u00eda circular.\" \/>\n<meta name=\"robots\" content=\"index, follow, max-snippet:-1, max-image-preview:large, max-video-preview:-1\" \/>\n<link rel=\"canonical\" href=\"https:\/\/sanfeliz.es\/en\/2023\/12\/05\/restaurante-monte-en-san-feliz-consigue-una-estrella-verde-de-michelin\/\" \/>\n<meta property=\"og:locale\" content=\"en_GB\" \/>\n<meta property=\"og:type\" content=\"article\" \/>\n<meta property=\"og:title\" content=\"Restaurante Monte consigue otra Estrella Michelin - Espacio Rural San Feliz\" \/>\n<meta property=\"og:description\" content=\"El Restaurante Monte en San Feliz ha ganado una Estrella Verde Michelin, gracias a su filosof\u00eda sostenible y econom\u00eda circular.\" \/>\n<meta property=\"og:url\" content=\"https:\/\/sanfeliz.es\/en\/2023\/12\/05\/restaurante-monte-en-san-feliz-consigue-una-estrella-verde-de-michelin\/\" \/>\n<meta property=\"og:site_name\" content=\"Espacio Rural San Feliz\" \/>\n<meta property=\"article:published_time\" content=\"2023-12-05T10:50:23+00:00\" \/>\n<meta property=\"article:modified_time\" content=\"2024-04-16T15:08:02+00:00\" \/>\n<meta property=\"og:image\" content=\"https:\/\/sanfeliz.es\/wp-content\/uploads\/2023\/12\/ff9d6089-cf17-4b26-a7de-349cce07e91a-2.jpg\" \/>\n\t<meta property=\"og:image:width\" content=\"1080\" \/>\n\t<meta property=\"og:image:height\" content=\"1920\" \/>\n\t<meta property=\"og:image:type\" content=\"image\/jpeg\" \/>\n<meta name=\"author\" content=\"Elena Nu\u00f1ez\" \/>\n<meta name=\"twitter:card\" content=\"summary_large_image\" \/>\n<meta name=\"twitter:label1\" content=\"Written by\" \/>\n\t<meta name=\"twitter:data1\" content=\"Elena Nu\u00f1ez\" \/>\n\t<meta name=\"twitter:label2\" content=\"Estimated reading time\" \/>\n\t<meta name=\"twitter:data2\" content=\"1 minute\" \/>\n<script type=\"application\/ld+json\" class=\"yoast-schema-graph\">{\"@context\":\"https:\\\/\\\/schema.org\",\"@graph\":[{\"@type\":\"Article\",\"@id\":\"https:\\\/\\\/sanfeliz.es\\\/2023\\\/12\\\/05\\\/restaurante-monte-en-san-feliz-consigue-una-estrella-verde-de-michelin\\\/#article\",\"isPartOf\":{\"@id\":\"https:\\\/\\\/sanfeliz.es\\\/2023\\\/12\\\/05\\\/restaurante-monte-en-san-feliz-consigue-una-estrella-verde-de-michelin\\\/\"},\"author\":{\"name\":\"Elena Nu\u00f1ez\",\"@id\":\"https:\\\/\\\/sanfeliz.es\\\/#\\\/schema\\\/person\\\/69f500becb0f2064da1737a9685fdb23\"},\"headline\":\"Restaurante Monte consigue otra Estrella Michelin\",\"datePublished\":\"2023-12-05T10:50:23+00:00\",\"dateModified\":\"2024-04-16T15:08:02+00:00\",\"mainEntityOfPage\":{\"@id\":\"https:\\\/\\\/sanfeliz.es\\\/2023\\\/12\\\/05\\\/restaurante-monte-en-san-feliz-consigue-una-estrella-verde-de-michelin\\\/\"},\"wordCount\":190,\"publisher\":{\"@id\":\"https:\\\/\\\/sanfeliz.es\\\/#organization\"},\"image\":{\"@id\":\"https:\\\/\\\/sanfeliz.es\\\/2023\\\/12\\\/05\\\/restaurante-monte-en-san-feliz-consigue-una-estrella-verde-de-michelin\\\/#primaryimage\"},\"thumbnailUrl\":\"https:\\\/\\\/sanfeliz.es\\\/wp-content\\\/uploads\\\/2023\\\/12\\\/ff9d6089-cf17-4b26-a7de-349cce07e91a-2.jpg\",\"keywords\":[\"#apartamentos\",\"#apartamentosasturias\",\"#asturias\",\"#asturiasparaisonatural\",\"#feliz\",\"#lena\",\"#monta\u00f1acentralasturias\",\"#naturaleza\",\"#rural\",\"#ruralife\",\"#sanfeliz\",\"#turismo\",\"#turismoasturias #familia #familiaviajera #petfriendly #monterestaurante #montesanfeliz #estrellamichelin #michelinespa\u00f1a #michelin2023\"],\"articleSection\":[\"Sin categor\u00eda\"],\"inLanguage\":\"en-GB\"},{\"@type\":\"WebPage\",\"@id\":\"https:\\\/\\\/sanfeliz.es\\\/2023\\\/12\\\/05\\\/restaurante-monte-en-san-feliz-consigue-una-estrella-verde-de-michelin\\\/\",\"url\":\"https:\\\/\\\/sanfeliz.es\\\/2023\\\/12\\\/05\\\/restaurante-monte-en-san-feliz-consigue-una-estrella-verde-de-michelin\\\/\",\"name\":\"Restaurante Monte consigue otra Estrella Michelin - Espacio Rural San Feliz\",\"isPartOf\":{\"@id\":\"https:\\\/\\\/sanfeliz.es\\\/#website\"},\"primaryImageOfPage\":{\"@id\":\"https:\\\/\\\/sanfeliz.es\\\/2023\\\/12\\\/05\\\/restaurante-monte-en-san-feliz-consigue-una-estrella-verde-de-michelin\\\/#primaryimage\"},\"image\":{\"@id\":\"https:\\\/\\\/sanfeliz.es\\\/2023\\\/12\\\/05\\\/restaurante-monte-en-san-feliz-consigue-una-estrella-verde-de-michelin\\\/#primaryimage\"},\"thumbnailUrl\":\"https:\\\/\\\/sanfeliz.es\\\/wp-content\\\/uploads\\\/2023\\\/12\\\/ff9d6089-cf17-4b26-a7de-349cce07e91a-2.jpg\",\"datePublished\":\"2023-12-05T10:50:23+00:00\",\"dateModified\":\"2024-04-16T15:08:02+00:00\",\"description\":\"El Restaurante Monte en San Feliz ha ganado una Estrella Verde Michelin, gracias a su filosof\u00eda sostenible y econom\u00eda circular.\",\"breadcrumb\":{\"@id\":\"https:\\\/\\\/sanfeliz.es\\\/2023\\\/12\\\/05\\\/restaurante-monte-en-san-feliz-consigue-una-estrella-verde-de-michelin\\\/#breadcrumb\"},\"inLanguage\":\"en-GB\",\"potentialAction\":[{\"@type\":\"ReadAction\",\"target\":[\"https:\\\/\\\/sanfeliz.es\\\/2023\\\/12\\\/05\\\/restaurante-monte-en-san-feliz-consigue-una-estrella-verde-de-michelin\\\/\"]}]},{\"@type\":\"ImageObject\",\"inLanguage\":\"en-GB\",\"@id\":\"https:\\\/\\\/sanfeliz.es\\\/2023\\\/12\\\/05\\\/restaurante-monte-en-san-feliz-consigue-una-estrella-verde-de-michelin\\\/#primaryimage\",\"url\":\"https:\\\/\\\/sanfeliz.es\\\/wp-content\\\/uploads\\\/2023\\\/12\\\/ff9d6089-cf17-4b26-a7de-349cce07e91a-2.jpg\",\"contentUrl\":\"https:\\\/\\\/sanfeliz.es\\\/wp-content\\\/uploads\\\/2023\\\/12\\\/ff9d6089-cf17-4b26-a7de-349cce07e91a-2.jpg\",\"width\":1080,\"height\":1920,\"caption\":\"Restaurante Monte\"},{\"@type\":\"BreadcrumbList\",\"@id\":\"https:\\\/\\\/sanfeliz.es\\\/2023\\\/12\\\/05\\\/restaurante-monte-en-san-feliz-consigue-una-estrella-verde-de-michelin\\\/#breadcrumb\",\"itemListElement\":[{\"@type\":\"ListItem\",\"position\":1,\"name\":\"Portada\",\"item\":\"https:\\\/\\\/sanfeliz.es\\\/\"},{\"@type\":\"ListItem\",\"position\":2,\"name\":\"Restaurante Monte consigue otra Estrella Michelin\"}]},{\"@type\":\"WebSite\",\"@id\":\"https:\\\/\\\/sanfeliz.es\\\/#website\",\"url\":\"https:\\\/\\\/sanfeliz.es\\\/\",\"name\":\"Espacio Rural San Feliz\",\"description\":\"Apartamentos rurales San feliz\",\"publisher\":{\"@id\":\"https:\\\/\\\/sanfeliz.es\\\/#organization\"},\"potentialAction\":[{\"@type\":\"SearchAction\",\"target\":{\"@type\":\"EntryPoint\",\"urlTemplate\":\"https:\\\/\\\/sanfeliz.es\\\/?s={search_term_string}\"},\"query-input\":{\"@type\":\"PropertyValueSpecification\",\"valueRequired\":true,\"valueName\":\"search_term_string\"}}],\"inLanguage\":\"en-GB\"},{\"@type\":\"Organization\",\"@id\":\"https:\\\/\\\/sanfeliz.es\\\/#organization\",\"name\":\"Espacio Rural San Feliz\",\"url\":\"https:\\\/\\\/sanfeliz.es\\\/\",\"logo\":{\"@type\":\"ImageObject\",\"inLanguage\":\"en-GB\",\"@id\":\"https:\\\/\\\/sanfeliz.es\\\/#\\\/schema\\\/logo\\\/image\\\/\",\"url\":\"https:\\\/\\\/sanfeliz.es\\\/wp-content\\\/uploads\\\/2023\\\/09\\\/logo-san-feliz-web.png\",\"contentUrl\":\"https:\\\/\\\/sanfeliz.es\\\/wp-content\\\/uploads\\\/2023\\\/09\\\/logo-san-feliz-web.png\",\"width\":350,\"height\":124,\"caption\":\"Espacio Rural San Feliz\"},\"image\":{\"@id\":\"https:\\\/\\\/sanfeliz.es\\\/#\\\/schema\\\/logo\\\/image\\\/\"}},{\"@type\":\"Person\",\"@id\":\"https:\\\/\\\/sanfeliz.es\\\/#\\\/schema\\\/person\\\/69f500becb0f2064da1737a9685fdb23\",\"name\":\"Elena Nu\u00f1ez\",\"image\":{\"@type\":\"ImageObject\",\"inLanguage\":\"en-GB\",\"@id\":\"https:\\\/\\\/secure.gravatar.com\\\/avatar\\\/3c6c936a7eb63c2d100087d9bb51c73faf16ded613e40208457798ccc0663c86?s=96&d=mm&r=g\",\"url\":\"https:\\\/\\\/secure.gravatar.com\\\/avatar\\\/3c6c936a7eb63c2d100087d9bb51c73faf16ded613e40208457798ccc0663c86?s=96&d=mm&r=g\",\"contentUrl\":\"https:\\\/\\\/secure.gravatar.com\\\/avatar\\\/3c6c936a7eb63c2d100087d9bb51c73faf16ded613e40208457798ccc0663c86?s=96&d=mm&r=g\",\"caption\":\"Elena Nu\u00f1ez\"},\"url\":\"https:\\\/\\\/sanfeliz.es\\\/en\\\/author\\\/elena\\\/\"}]}<\/script>\n<!-- \/ Yoast SEO plugin. -->","yoast_head_json":{"title":"Restaurante Monte consigue otra Estrella Michelin - Espacio Rural San Feliz","description":"El Restaurante Monte en San Feliz ha ganado una Estrella Verde Michelin, gracias a su filosof\u00eda sostenible y econom\u00eda circular.","robots":{"index":"index","follow":"follow","max-snippet":"max-snippet:-1","max-image-preview":"max-image-preview:large","max-video-preview":"max-video-preview:-1"},"canonical":"https:\/\/sanfeliz.es\/en\/2023\/12\/05\/restaurante-monte-en-san-feliz-consigue-una-estrella-verde-de-michelin\/","og_locale":"en_GB","og_type":"article","og_title":"Restaurante Monte consigue otra Estrella Michelin - Espacio Rural San Feliz","og_description":"El Restaurante Monte en San Feliz ha ganado una Estrella Verde Michelin, gracias a su filosof\u00eda sostenible y econom\u00eda circular.","og_url":"https:\/\/sanfeliz.es\/en\/2023\/12\/05\/restaurante-monte-en-san-feliz-consigue-una-estrella-verde-de-michelin\/","og_site_name":"Espacio Rural San Feliz","article_published_time":"2023-12-05T10:50:23+00:00","article_modified_time":"2024-04-16T15:08:02+00:00","og_image":[{"width":1080,"height":1920,"url":"https:\/\/sanfeliz.es\/wp-content\/uploads\/2023\/12\/ff9d6089-cf17-4b26-a7de-349cce07e91a-2.jpg","type":"image\/jpeg"}],"author":"Elena Nu\u00f1ez","twitter_card":"summary_large_image","twitter_misc":{"Written by":"Elena Nu\u00f1ez","Estimated reading time":"1 minute"},"schema":{"@context":"https:\/\/schema.org","@graph":[{"@type":"Article","@id":"https:\/\/sanfeliz.es\/2023\/12\/05\/restaurante-monte-en-san-feliz-consigue-una-estrella-verde-de-michelin\/#article","isPartOf":{"@id":"https:\/\/sanfeliz.es\/2023\/12\/05\/restaurante-monte-en-san-feliz-consigue-una-estrella-verde-de-michelin\/"},"author":{"name":"Elena Nu\u00f1ez","@id":"https:\/\/sanfeliz.es\/#\/schema\/person\/69f500becb0f2064da1737a9685fdb23"},"headline":"Restaurante Monte consigue otra Estrella Michelin","datePublished":"2023-12-05T10:50:23+00:00","dateModified":"2024-04-16T15:08:02+00:00","mainEntityOfPage":{"@id":"https:\/\/sanfeliz.es\/2023\/12\/05\/restaurante-monte-en-san-feliz-consigue-una-estrella-verde-de-michelin\/"},"wordCount":190,"publisher":{"@id":"https:\/\/sanfeliz.es\/#organization"},"image":{"@id":"https:\/\/sanfeliz.es\/2023\/12\/05\/restaurante-monte-en-san-feliz-consigue-una-estrella-verde-de-michelin\/#primaryimage"},"thumbnailUrl":"https:\/\/sanfeliz.es\/wp-content\/uploads\/2023\/12\/ff9d6089-cf17-4b26-a7de-349cce07e91a-2.jpg","keywords":["#apartamentos","#apartamentosasturias","#asturias","#asturiasparaisonatural","#feliz","#lena","#monta\u00f1acentralasturias","#naturaleza","#rural","#ruralife","#sanfeliz","#turismo","#turismoasturias #familia #familiaviajera #petfriendly #monterestaurante #montesanfeliz #estrellamichelin #michelinespa\u00f1a #michelin2023"],"articleSection":["Sin categor\u00eda"],"inLanguage":"en-GB"},{"@type":"WebPage","@id":"https:\/\/sanfeliz.es\/2023\/12\/05\/restaurante-monte-en-san-feliz-consigue-una-estrella-verde-de-michelin\/","url":"https:\/\/sanfeliz.es\/2023\/12\/05\/restaurante-monte-en-san-feliz-consigue-una-estrella-verde-de-michelin\/","name":"Restaurante Monte consigue otra Estrella Michelin - Espacio Rural San Feliz","isPartOf":{"@id":"https:\/\/sanfeliz.es\/#website"},"primaryImageOfPage":{"@id":"https:\/\/sanfeliz.es\/2023\/12\/05\/restaurante-monte-en-san-feliz-consigue-una-estrella-verde-de-michelin\/#primaryimage"},"image":{"@id":"https:\/\/sanfeliz.es\/2023\/12\/05\/restaurante-monte-en-san-feliz-consigue-una-estrella-verde-de-michelin\/#primaryimage"},"thumbnailUrl":"https:\/\/sanfeliz.es\/wp-content\/uploads\/2023\/12\/ff9d6089-cf17-4b26-a7de-349cce07e91a-2.jpg","datePublished":"2023-12-05T10:50:23+00:00","dateModified":"2024-04-16T15:08:02+00:00","description":"El Restaurante Monte en San Feliz ha ganado una Estrella Verde Michelin, gracias a su filosof\u00eda sostenible y econom\u00eda circular.","breadcrumb":{"@id":"https:\/\/sanfeliz.es\/2023\/12\/05\/restaurante-monte-en-san-feliz-consigue-una-estrella-verde-de-michelin\/#breadcrumb"},"inLanguage":"en-GB","potentialAction":[{"@type":"ReadAction","target":["https:\/\/sanfeliz.es\/2023\/12\/05\/restaurante-monte-en-san-feliz-consigue-una-estrella-verde-de-michelin\/"]}]},{"@type":"ImageObject","inLanguage":"en-GB","@id":"https:\/\/sanfeliz.es\/2023\/12\/05\/restaurante-monte-en-san-feliz-consigue-una-estrella-verde-de-michelin\/#primaryimage","url":"https:\/\/sanfeliz.es\/wp-content\/uploads\/2023\/12\/ff9d6089-cf17-4b26-a7de-349cce07e91a-2.jpg","contentUrl":"https:\/\/sanfeliz.es\/wp-content\/uploads\/2023\/12\/ff9d6089-cf17-4b26-a7de-349cce07e91a-2.jpg","width":1080,"height":1920,"caption":"Restaurante Monte"},{"@type":"BreadcrumbList","@id":"https:\/\/sanfeliz.es\/2023\/12\/05\/restaurante-monte-en-san-feliz-consigue-una-estrella-verde-de-michelin\/#breadcrumb","itemListElement":[{"@type":"ListItem","position":1,"name":"Portada","item":"https:\/\/sanfeliz.es\/"},{"@type":"ListItem","position":2,"name":"Restaurante Monte consigue otra Estrella Michelin"}]},{"@type":"WebSite","@id":"https:\/\/sanfeliz.es\/#website","url":"https:\/\/sanfeliz.es\/","name":"Espacio Rural San Feliz","description":"Apartamentos rurales San feliz","publisher":{"@id":"https:\/\/sanfeliz.es\/#organization"},"potentialAction":[{"@type":"SearchAction","target":{"@type":"EntryPoint","urlTemplate":"https:\/\/sanfeliz.es\/?s={search_term_string}"},"query-input":{"@type":"PropertyValueSpecification","valueRequired":true,"valueName":"search_term_string"}}],"inLanguage":"en-GB"},{"@type":"Organization","@id":"https:\/\/sanfeliz.es\/#organization","name":"Espacio Rural San Feliz","url":"https:\/\/sanfeliz.es\/","logo":{"@type":"ImageObject","inLanguage":"en-GB","@id":"https:\/\/sanfeliz.es\/#\/schema\/logo\/image\/","url":"https:\/\/sanfeliz.es\/wp-content\/uploads\/2023\/09\/logo-san-feliz-web.png","contentUrl":"https:\/\/sanfeliz.es\/wp-content\/uploads\/2023\/09\/logo-san-feliz-web.png","width":350,"height":124,"caption":"Espacio Rural San Feliz"},"image":{"@id":"https:\/\/sanfeliz.es\/#\/schema\/logo\/image\/"}},{"@type":"Person","@id":"https:\/\/sanfeliz.es\/#\/schema\/person\/69f500becb0f2064da1737a9685fdb23","name":"Elena Nu\u00f1ez","image":{"@type":"ImageObject","inLanguage":"en-GB","@id":"https:\/\/secure.gravatar.com\/avatar\/3c6c936a7eb63c2d100087d9bb51c73faf16ded613e40208457798ccc0663c86?s=96&d=mm&r=g","url":"https:\/\/secure.gravatar.com\/avatar\/3c6c936a7eb63c2d100087d9bb51c73faf16ded613e40208457798ccc0663c86?s=96&d=mm&r=g","contentUrl":"https:\/\/secure.gravatar.com\/avatar\/3c6c936a7eb63c2d100087d9bb51c73faf16ded613e40208457798ccc0663c86?s=96&d=mm&r=g","caption":"Elena Nu\u00f1ez"},"url":"https:\/\/sanfeliz.es\/en\/author\/elena\/"}]}},"_links":{"self":[{"href":"https:\/\/sanfeliz.es\/en\/wp-json\/wp\/v2\/posts\/1574","targetHints":{"allow":["GET"]}}],"collection":[{"href":"https:\/\/sanfeliz.es\/en\/wp-json\/wp\/v2\/posts"}],"about":[{"href":"https:\/\/sanfeliz.es\/en\/wp-json\/wp\/v2\/types\/post"}],"author":[{"embeddable":true,"href":"https:\/\/sanfeliz.es\/en\/wp-json\/wp\/v2\/users\/2"}],"replies":[{"embeddable":true,"href":"https:\/\/sanfeliz.es\/en\/wp-json\/wp\/v2\/comments?post=1574"}],"version-history":[{"count":0,"href":"https:\/\/sanfeliz.es\/en\/wp-json\/wp\/v2\/posts\/1574\/revisions"}],"wp:featuredmedia":[{"embeddable":true,"href":"https:\/\/sanfeliz.es\/en\/wp-json\/wp\/v2\/media\/1575"}],"wp:attachment":[{"href":"https:\/\/sanfeliz.es\/en\/wp-json\/wp\/v2\/media?parent=1574"}],"wp:term":[{"taxonomy":"category","embeddable":true,"href":"https:\/\/sanfeliz.es\/en\/wp-json\/wp\/v2\/categories?post=1574"},{"taxonomy":"post_tag","embeddable":true,"href":"https:\/\/sanfeliz.es\/en\/wp-json\/wp\/v2\/tags?post=1574"}],"curies":[{"name":"wp","href":"https:\/\/api.w.org\/{rel}","templated":true}]}}