{"id":1607,"date":"2024-01-04T11:49:12","date_gmt":"2024-01-04T10:49:12","guid":{"rendered":"https:\/\/sanfeliz.es\/?p=1607"},"modified":"2024-04-16T17:11:02","modified_gmt":"2024-04-16T15:11:02","slug":"san-feliz-ano-2024","status":"publish","type":"post","link":"https:\/\/sanfeliz.es\/en\/2024\/01\/04\/san-feliz-ano-2024\/","title":{"rendered":"\u00a1San Feliz A\u00f1o 2024!"},"content":{"rendered":"<p>Y como se suele decir&#8230; <strong>\u00a1A\u00f1o nuevo, vida nueva!\u00a0<\/strong><\/p>\n<p>Tenemos dos comienzos de \u00abvida\u00bb cada a\u00f1o, donde los prop\u00f3sitos, las ilusiones y los objetivos est\u00e1n presentes (al menos las primeras semanas).<\/p>\n<p>Uno es en septiembre. Despu\u00e9s del verano m\u00e1gico y las vacaciones empieza el nuevo curso, la nueva etapa.<\/p>\n<p>Y el segundo, c\u00f3mo es obvio, en A\u00f1o Nuevo.<\/p>\n<p>Cada Nochevieja igual, redactando los prop\u00f3sitos y desaf\u00edos que nos depara el a\u00f1o que entra.<\/p>\n<p><strong>\u00bfQu\u00e9 objetivos tenemos en este 2024?\u00a0<\/strong><\/p>\n<p><strong>Hacer deporte<\/strong><\/p>\n<p>Es uno de los prop\u00f3sitos de casi todo el mundo. Pero nosotros queremos ser m\u00e1s espec\u00edficos. Deseamos que nieve en la <strong>Estaci\u00f3n de Valgrande &#8211; Pajares<\/strong> y poder practicar nuestro deporte favorito, el <a href=\"https:\/\/sanfeliz.es\/en\/alojamiento-ideal-para-esquiadores\/\"><strong>esqu\u00ed.<\/strong><\/a><\/p>\n<p><strong>Comer saludable<\/strong><\/p>\n<p>Otro de los prop\u00f3sitos m\u00e1s comunes de A\u00f1o Nuevo. Queremos comer bien, queremos comer de nuestro entorno.<\/p>\n<p>\u00bfD\u00f3nde mejor se trabaja nuestra cocina tradicional, del entorno pero de una manera innovadora y creativa? Efectivamente, en <strong><a href=\"https:\/\/www.montesanfeliz.com\">Monte Restaurante<\/a> en San Feliz, con una Estrella Michelin y una Estrella Verde Michelin.\u00a0<\/strong><\/p>\n<p><strong>Saber hacer pausas<\/strong><\/p>\n<p>Hoy en d\u00eda el mundo va a tal velocidad que todos intentamos estar a todo en todo momento, y sino, nos frustramos. No. La vida no es eso. La vida es saber tomarse descansos y poder respirar. La vida es tener tiempo de calidad con las personas que quieres. <strong>\u00bfQu\u00e9 hay mejor que juntarse alrededor de la mesa con el calor de la chimenea y con vistas a la Sierra del Aramo?<\/strong><\/p>","protected":false},"excerpt":{"rendered":"<p>Y como se suele decir&#8230; \u00a1A\u00f1o nuevo, vida nueva!\u00a0 Tenemos dos comienzos de \u00abvida\u00bb cada a\u00f1o, donde los prop\u00f3sitos, las ilusiones y los objetivos est\u00e1n presentes (al menos las primeras semanas). Uno es en septiembre. Despu\u00e9s del verano m\u00e1gico y las vacaciones empieza el nuevo curso, la nueva etapa. Y el segundo, c\u00f3mo es obvio, [&hellip;]<\/p>\n","protected":false},"author":2,"featured_media":1605,"comment_status":"closed","ping_status":"closed","sticky":false,"template":"","format":"standard","meta":{"footnotes":""},"categories":[1],"tags":[6,18,7,19,20,9,10,11,13,14,15,45,16,61],"class_list":["post-1607","post","type-post","status-publish","format-standard","has-post-thumbnail","hentry","category-sin-categoria","tag-apartamentos","tag-apartamentosasturias","tag-asturias","tag-asturiasparaisonatural","tag-feliz","tag-lena","tag-montanacentralasturias","tag-naturaleza","tag-rural","tag-ruralife","tag-sanfeliz","tag-santacristinadelena-prerromanicoasturias-lenadestino","tag-turismo","tag-turismoasturias-senderismo-rutas-rutasasturias-familia-familiaviajera-petfriendly"],"yoast_head":"<!-- This site is optimized with the Yoast SEO plugin v27.5 - https:\/\/yoast.com\/product\/yoast-seo-wordpress\/ -->\n<title>\u00a1San Feliz A\u00f1o 2024! - Espacio Rural San Feliz<\/title>\n<meta name=\"description\" content=\"Desde Espacio Rural San Feliz os deseamos un pr\u00f3spero a\u00f1o 2024 y os proponemos los mejores planes para cumplir los prop\u00f3sitos de a\u00f1o nuevo.\" \/>\n<meta name=\"robots\" content=\"index, follow, max-snippet:-1, max-image-preview:large, max-video-preview:-1\" \/>\n<link rel=\"canonical\" href=\"https:\/\/sanfeliz.es\/en\/2024\/01\/04\/san-feliz-ano-2024\/\" \/>\n<meta property=\"og:locale\" content=\"en_GB\" \/>\n<meta property=\"og:type\" content=\"article\" \/>\n<meta property=\"og:title\" content=\"\u00a1San Feliz A\u00f1o 2024! - Espacio Rural San Feliz\" \/>\n<meta property=\"og:description\" content=\"Desde Espacio Rural San Feliz os deseamos un pr\u00f3spero a\u00f1o 2024 y os proponemos los mejores planes para cumplir los prop\u00f3sitos de a\u00f1o nuevo.\" \/>\n<meta property=\"og:url\" content=\"https:\/\/sanfeliz.es\/en\/2024\/01\/04\/san-feliz-ano-2024\/\" \/>\n<meta property=\"og:site_name\" content=\"Espacio Rural San Feliz\" \/>\n<meta property=\"article:published_time\" content=\"2024-01-04T10:49:12+00:00\" \/>\n<meta property=\"article:modified_time\" content=\"2024-04-16T15:11:02+00:00\" \/>\n<meta property=\"og:image\" content=\"https:\/\/sanfeliz.es\/wp-content\/uploads\/2024\/01\/IMG_7442.jpg\" \/>\n\t<meta property=\"og:image:width\" content=\"1440\" \/>\n\t<meta property=\"og:image:height\" content=\"1920\" \/>\n\t<meta property=\"og:image:type\" content=\"image\/jpeg\" \/>\n<meta name=\"author\" content=\"Elena Nu\u00f1ez\" \/>\n<meta name=\"twitter:card\" content=\"summary_large_image\" \/>\n<meta name=\"twitter:label1\" content=\"Written by\" \/>\n\t<meta name=\"twitter:data1\" content=\"Elena Nu\u00f1ez\" \/>\n\t<meta name=\"twitter:label2\" content=\"Estimated reading time\" \/>\n\t<meta name=\"twitter:data2\" content=\"2 minutes\" \/>\n<script type=\"application\/ld+json\" class=\"yoast-schema-graph\">{\"@context\":\"https:\\\/\\\/schema.org\",\"@graph\":[{\"@type\":\"Article\",\"@id\":\"https:\\\/\\\/sanfeliz.es\\\/2024\\\/01\\\/04\\\/san-feliz-ano-2024\\\/#article\",\"isPartOf\":{\"@id\":\"https:\\\/\\\/sanfeliz.es\\\/2024\\\/01\\\/04\\\/san-feliz-ano-2024\\\/\"},\"author\":{\"name\":\"Elena Nu\u00f1ez\",\"@id\":\"https:\\\/\\\/sanfeliz.es\\\/#\\\/schema\\\/person\\\/69f500becb0f2064da1737a9685fdb23\"},\"headline\":\"\u00a1San Feliz A\u00f1o 2024!\",\"datePublished\":\"2024-01-04T10:49:12+00:00\",\"dateModified\":\"2024-04-16T15:11:02+00:00\",\"mainEntityOfPage\":{\"@id\":\"https:\\\/\\\/sanfeliz.es\\\/2024\\\/01\\\/04\\\/san-feliz-ano-2024\\\/\"},\"wordCount\":264,\"publisher\":{\"@id\":\"https:\\\/\\\/sanfeliz.es\\\/#organization\"},\"image\":{\"@id\":\"https:\\\/\\\/sanfeliz.es\\\/2024\\\/01\\\/04\\\/san-feliz-ano-2024\\\/#primaryimage\"},\"thumbnailUrl\":\"https:\\\/\\\/sanfeliz.es\\\/wp-content\\\/uploads\\\/2024\\\/01\\\/IMG_7442.jpg\",\"keywords\":[\"#apartamentos\",\"#apartamentosasturias\",\"#asturias\",\"#asturiasparaisonatural\",\"#feliz\",\"#lena\",\"#monta\u00f1acentralasturias\",\"#naturaleza\",\"#rural\",\"#ruralife\",\"#sanfeliz\",\"#SantaCristinadeLena #PrerromanicoAsturias #LenaDestino\",\"#turismo\",\"#turismoasturias #senderismo #rutas #rutasAsturias #familia #familiaviajera #petfriendly\"],\"articleSection\":[\"Sin categor\u00eda\"],\"inLanguage\":\"en-GB\"},{\"@type\":\"WebPage\",\"@id\":\"https:\\\/\\\/sanfeliz.es\\\/2024\\\/01\\\/04\\\/san-feliz-ano-2024\\\/\",\"url\":\"https:\\\/\\\/sanfeliz.es\\\/2024\\\/01\\\/04\\\/san-feliz-ano-2024\\\/\",\"name\":\"\u00a1San Feliz A\u00f1o 2024! - Espacio Rural San Feliz\",\"isPartOf\":{\"@id\":\"https:\\\/\\\/sanfeliz.es\\\/#website\"},\"primaryImageOfPage\":{\"@id\":\"https:\\\/\\\/sanfeliz.es\\\/2024\\\/01\\\/04\\\/san-feliz-ano-2024\\\/#primaryimage\"},\"image\":{\"@id\":\"https:\\\/\\\/sanfeliz.es\\\/2024\\\/01\\\/04\\\/san-feliz-ano-2024\\\/#primaryimage\"},\"thumbnailUrl\":\"https:\\\/\\\/sanfeliz.es\\\/wp-content\\\/uploads\\\/2024\\\/01\\\/IMG_7442.jpg\",\"datePublished\":\"2024-01-04T10:49:12+00:00\",\"dateModified\":\"2024-04-16T15:11:02+00:00\",\"description\":\"Desde Espacio Rural San Feliz os deseamos un pr\u00f3spero a\u00f1o 2024 y os proponemos los mejores planes para cumplir los prop\u00f3sitos de a\u00f1o nuevo.\",\"breadcrumb\":{\"@id\":\"https:\\\/\\\/sanfeliz.es\\\/2024\\\/01\\\/04\\\/san-feliz-ano-2024\\\/#breadcrumb\"},\"inLanguage\":\"en-GB\",\"potentialAction\":[{\"@type\":\"ReadAction\",\"target\":[\"https:\\\/\\\/sanfeliz.es\\\/2024\\\/01\\\/04\\\/san-feliz-ano-2024\\\/\"]}]},{\"@type\":\"ImageObject\",\"inLanguage\":\"en-GB\",\"@id\":\"https:\\\/\\\/sanfeliz.es\\\/2024\\\/01\\\/04\\\/san-feliz-ano-2024\\\/#primaryimage\",\"url\":\"https:\\\/\\\/sanfeliz.es\\\/wp-content\\\/uploads\\\/2024\\\/01\\\/IMG_7442.jpg\",\"contentUrl\":\"https:\\\/\\\/sanfeliz.es\\\/wp-content\\\/uploads\\\/2024\\\/01\\\/IMG_7442.jpg\",\"width\":1440,\"height\":1920,\"caption\":\"\u00c1rbol de Navidad\"},{\"@type\":\"BreadcrumbList\",\"@id\":\"https:\\\/\\\/sanfeliz.es\\\/2024\\\/01\\\/04\\\/san-feliz-ano-2024\\\/#breadcrumb\",\"itemListElement\":[{\"@type\":\"ListItem\",\"position\":1,\"name\":\"Portada\",\"item\":\"https:\\\/\\\/sanfeliz.es\\\/\"},{\"@type\":\"ListItem\",\"position\":2,\"name\":\"\u00a1San Feliz A\u00f1o 2024!\"}]},{\"@type\":\"WebSite\",\"@id\":\"https:\\\/\\\/sanfeliz.es\\\/#website\",\"url\":\"https:\\\/\\\/sanfeliz.es\\\/\",\"name\":\"Espacio Rural San Feliz\",\"description\":\"Apartamentos rurales San feliz\",\"publisher\":{\"@id\":\"https:\\\/\\\/sanfeliz.es\\\/#organization\"},\"potentialAction\":[{\"@type\":\"SearchAction\",\"target\":{\"@type\":\"EntryPoint\",\"urlTemplate\":\"https:\\\/\\\/sanfeliz.es\\\/?s={search_term_string}\"},\"query-input\":{\"@type\":\"PropertyValueSpecification\",\"valueRequired\":true,\"valueName\":\"search_term_string\"}}],\"inLanguage\":\"en-GB\"},{\"@type\":\"Organization\",\"@id\":\"https:\\\/\\\/sanfeliz.es\\\/#organization\",\"name\":\"Espacio Rural San Feliz\",\"url\":\"https:\\\/\\\/sanfeliz.es\\\/\",\"logo\":{\"@type\":\"ImageObject\",\"inLanguage\":\"en-GB\",\"@id\":\"https:\\\/\\\/sanfeliz.es\\\/#\\\/schema\\\/logo\\\/image\\\/\",\"url\":\"https:\\\/\\\/sanfeliz.es\\\/wp-content\\\/uploads\\\/2023\\\/09\\\/logo-san-feliz-web.png\",\"contentUrl\":\"https:\\\/\\\/sanfeliz.es\\\/wp-content\\\/uploads\\\/2023\\\/09\\\/logo-san-feliz-web.png\",\"width\":350,\"height\":124,\"caption\":\"Espacio Rural San Feliz\"},\"image\":{\"@id\":\"https:\\\/\\\/sanfeliz.es\\\/#\\\/schema\\\/logo\\\/image\\\/\"}},{\"@type\":\"Person\",\"@id\":\"https:\\\/\\\/sanfeliz.es\\\/#\\\/schema\\\/person\\\/69f500becb0f2064da1737a9685fdb23\",\"name\":\"Elena Nu\u00f1ez\",\"image\":{\"@type\":\"ImageObject\",\"inLanguage\":\"en-GB\",\"@id\":\"https:\\\/\\\/secure.gravatar.com\\\/avatar\\\/3c6c936a7eb63c2d100087d9bb51c73faf16ded613e40208457798ccc0663c86?s=96&d=mm&r=g\",\"url\":\"https:\\\/\\\/secure.gravatar.com\\\/avatar\\\/3c6c936a7eb63c2d100087d9bb51c73faf16ded613e40208457798ccc0663c86?s=96&d=mm&r=g\",\"contentUrl\":\"https:\\\/\\\/secure.gravatar.com\\\/avatar\\\/3c6c936a7eb63c2d100087d9bb51c73faf16ded613e40208457798ccc0663c86?s=96&d=mm&r=g\",\"caption\":\"Elena Nu\u00f1ez\"},\"url\":\"https:\\\/\\\/sanfeliz.es\\\/en\\\/author\\\/elena\\\/\"}]}<\/script>\n<!-- \/ Yoast SEO plugin. -->","yoast_head_json":{"title":"\u00a1San Feliz A\u00f1o 2024! - Espacio Rural San Feliz","description":"Desde Espacio Rural San Feliz os deseamos un pr\u00f3spero a\u00f1o 2024 y os proponemos los mejores planes para cumplir los prop\u00f3sitos de a\u00f1o nuevo.","robots":{"index":"index","follow":"follow","max-snippet":"max-snippet:-1","max-image-preview":"max-image-preview:large","max-video-preview":"max-video-preview:-1"},"canonical":"https:\/\/sanfeliz.es\/en\/2024\/01\/04\/san-feliz-ano-2024\/","og_locale":"en_GB","og_type":"article","og_title":"\u00a1San Feliz A\u00f1o 2024! - Espacio Rural San Feliz","og_description":"Desde Espacio Rural San Feliz os deseamos un pr\u00f3spero a\u00f1o 2024 y os proponemos los mejores planes para cumplir los prop\u00f3sitos de a\u00f1o nuevo.","og_url":"https:\/\/sanfeliz.es\/en\/2024\/01\/04\/san-feliz-ano-2024\/","og_site_name":"Espacio Rural San Feliz","article_published_time":"2024-01-04T10:49:12+00:00","article_modified_time":"2024-04-16T15:11:02+00:00","og_image":[{"width":1440,"height":1920,"url":"https:\/\/sanfeliz.es\/wp-content\/uploads\/2024\/01\/IMG_7442.jpg","type":"image\/jpeg"}],"author":"Elena Nu\u00f1ez","twitter_card":"summary_large_image","twitter_misc":{"Written by":"Elena Nu\u00f1ez","Estimated reading time":"2 minutes"},"schema":{"@context":"https:\/\/schema.org","@graph":[{"@type":"Article","@id":"https:\/\/sanfeliz.es\/2024\/01\/04\/san-feliz-ano-2024\/#article","isPartOf":{"@id":"https:\/\/sanfeliz.es\/2024\/01\/04\/san-feliz-ano-2024\/"},"author":{"name":"Elena Nu\u00f1ez","@id":"https:\/\/sanfeliz.es\/#\/schema\/person\/69f500becb0f2064da1737a9685fdb23"},"headline":"\u00a1San Feliz A\u00f1o 2024!","datePublished":"2024-01-04T10:49:12+00:00","dateModified":"2024-04-16T15:11:02+00:00","mainEntityOfPage":{"@id":"https:\/\/sanfeliz.es\/2024\/01\/04\/san-feliz-ano-2024\/"},"wordCount":264,"publisher":{"@id":"https:\/\/sanfeliz.es\/#organization"},"image":{"@id":"https:\/\/sanfeliz.es\/2024\/01\/04\/san-feliz-ano-2024\/#primaryimage"},"thumbnailUrl":"https:\/\/sanfeliz.es\/wp-content\/uploads\/2024\/01\/IMG_7442.jpg","keywords":["#apartamentos","#apartamentosasturias","#asturias","#asturiasparaisonatural","#feliz","#lena","#monta\u00f1acentralasturias","#naturaleza","#rural","#ruralife","#sanfeliz","#SantaCristinadeLena #PrerromanicoAsturias #LenaDestino","#turismo","#turismoasturias #senderismo #rutas #rutasAsturias #familia #familiaviajera #petfriendly"],"articleSection":["Sin categor\u00eda"],"inLanguage":"en-GB"},{"@type":"WebPage","@id":"https:\/\/sanfeliz.es\/2024\/01\/04\/san-feliz-ano-2024\/","url":"https:\/\/sanfeliz.es\/2024\/01\/04\/san-feliz-ano-2024\/","name":"\u00a1San Feliz A\u00f1o 2024! - Espacio Rural San Feliz","isPartOf":{"@id":"https:\/\/sanfeliz.es\/#website"},"primaryImageOfPage":{"@id":"https:\/\/sanfeliz.es\/2024\/01\/04\/san-feliz-ano-2024\/#primaryimage"},"image":{"@id":"https:\/\/sanfeliz.es\/2024\/01\/04\/san-feliz-ano-2024\/#primaryimage"},"thumbnailUrl":"https:\/\/sanfeliz.es\/wp-content\/uploads\/2024\/01\/IMG_7442.jpg","datePublished":"2024-01-04T10:49:12+00:00","dateModified":"2024-04-16T15:11:02+00:00","description":"Desde Espacio Rural San Feliz os deseamos un pr\u00f3spero a\u00f1o 2024 y os proponemos los mejores planes para cumplir los prop\u00f3sitos de a\u00f1o nuevo.","breadcrumb":{"@id":"https:\/\/sanfeliz.es\/2024\/01\/04\/san-feliz-ano-2024\/#breadcrumb"},"inLanguage":"en-GB","potentialAction":[{"@type":"ReadAction","target":["https:\/\/sanfeliz.es\/2024\/01\/04\/san-feliz-ano-2024\/"]}]},{"@type":"ImageObject","inLanguage":"en-GB","@id":"https:\/\/sanfeliz.es\/2024\/01\/04\/san-feliz-ano-2024\/#primaryimage","url":"https:\/\/sanfeliz.es\/wp-content\/uploads\/2024\/01\/IMG_7442.jpg","contentUrl":"https:\/\/sanfeliz.es\/wp-content\/uploads\/2024\/01\/IMG_7442.jpg","width":1440,"height":1920,"caption":"\u00c1rbol de Navidad"},{"@type":"BreadcrumbList","@id":"https:\/\/sanfeliz.es\/2024\/01\/04\/san-feliz-ano-2024\/#breadcrumb","itemListElement":[{"@type":"ListItem","position":1,"name":"Portada","item":"https:\/\/sanfeliz.es\/"},{"@type":"ListItem","position":2,"name":"\u00a1San Feliz A\u00f1o 2024!"}]},{"@type":"WebSite","@id":"https:\/\/sanfeliz.es\/#website","url":"https:\/\/sanfeliz.es\/","name":"Espacio Rural San Feliz","description":"Apartamentos rurales San feliz","publisher":{"@id":"https:\/\/sanfeliz.es\/#organization"},"potentialAction":[{"@type":"SearchAction","target":{"@type":"EntryPoint","urlTemplate":"https:\/\/sanfeliz.es\/?s={search_term_string}"},"query-input":{"@type":"PropertyValueSpecification","valueRequired":true,"valueName":"search_term_string"}}],"inLanguage":"en-GB"},{"@type":"Organization","@id":"https:\/\/sanfeliz.es\/#organization","name":"Espacio Rural San Feliz","url":"https:\/\/sanfeliz.es\/","logo":{"@type":"ImageObject","inLanguage":"en-GB","@id":"https:\/\/sanfeliz.es\/#\/schema\/logo\/image\/","url":"https:\/\/sanfeliz.es\/wp-content\/uploads\/2023\/09\/logo-san-feliz-web.png","contentUrl":"https:\/\/sanfeliz.es\/wp-content\/uploads\/2023\/09\/logo-san-feliz-web.png","width":350,"height":124,"caption":"Espacio Rural San Feliz"},"image":{"@id":"https:\/\/sanfeliz.es\/#\/schema\/logo\/image\/"}},{"@type":"Person","@id":"https:\/\/sanfeliz.es\/#\/schema\/person\/69f500becb0f2064da1737a9685fdb23","name":"Elena Nu\u00f1ez","image":{"@type":"ImageObject","inLanguage":"en-GB","@id":"https:\/\/secure.gravatar.com\/avatar\/3c6c936a7eb63c2d100087d9bb51c73faf16ded613e40208457798ccc0663c86?s=96&d=mm&r=g","url":"https:\/\/secure.gravatar.com\/avatar\/3c6c936a7eb63c2d100087d9bb51c73faf16ded613e40208457798ccc0663c86?s=96&d=mm&r=g","contentUrl":"https:\/\/secure.gravatar.com\/avatar\/3c6c936a7eb63c2d100087d9bb51c73faf16ded613e40208457798ccc0663c86?s=96&d=mm&r=g","caption":"Elena Nu\u00f1ez"},"url":"https:\/\/sanfeliz.es\/en\/author\/elena\/"}]}},"_links":{"self":[{"href":"https:\/\/sanfeliz.es\/en\/wp-json\/wp\/v2\/posts\/1607","targetHints":{"allow":["GET"]}}],"collection":[{"href":"https:\/\/sanfeliz.es\/en\/wp-json\/wp\/v2\/posts"}],"about":[{"href":"https:\/\/sanfeliz.es\/en\/wp-json\/wp\/v2\/types\/post"}],"author":[{"embeddable":true,"href":"https:\/\/sanfeliz.es\/en\/wp-json\/wp\/v2\/users\/2"}],"replies":[{"embeddable":true,"href":"https:\/\/sanfeliz.es\/en\/wp-json\/wp\/v2\/comments?post=1607"}],"version-history":[{"count":0,"href":"https:\/\/sanfeliz.es\/en\/wp-json\/wp\/v2\/posts\/1607\/revisions"}],"wp:featuredmedia":[{"embeddable":true,"href":"https:\/\/sanfeliz.es\/en\/wp-json\/wp\/v2\/media\/1605"}],"wp:attachment":[{"href":"https:\/\/sanfeliz.es\/en\/wp-json\/wp\/v2\/media?parent=1607"}],"wp:term":[{"taxonomy":"category","embeddable":true,"href":"https:\/\/sanfeliz.es\/en\/wp-json\/wp\/v2\/categories?post=1607"},{"taxonomy":"post_tag","embeddable":true,"href":"https:\/\/sanfeliz.es\/en\/wp-json\/wp\/v2\/tags?post=1607"}],"curies":[{"name":"wp","href":"https:\/\/api.w.org\/{rel}","templated":true}]}}