{"id":1656,"date":"2024-03-05T12:37:37","date_gmt":"2024-03-05T11:37:37","guid":{"rendered":"https:\/\/sanfeliz.es\/?p=1656"},"modified":"2024-04-16T17:24:28","modified_gmt":"2024-04-16T15:24:28","slug":"fin-de-semana-en-asturias","status":"publish","type":"post","link":"https:\/\/sanfeliz.es\/en\/2024\/03\/05\/fin-de-semana-en-asturias\/","title":{"rendered":"Fin de semana en Asturias"},"content":{"rendered":"<p>Cuando organizamos una escapada, a veces, lo que m\u00e1s pereza nos puede dar es organizar d\u00eda a d\u00eda lo que vamos hacer, ya que hay much\u00edsimas opciones y no tanto tiempo (por desgracia).<\/p>\n<p><strong>Durante el mes de marzo<\/strong>, esa pereza de organizar viajes va a desaparecer porque <strong>desde <a href=\"https:\/\/sanfeliz.es\/en\/\">San Feliz<\/a> ofrecemos el paquete completo<\/strong> para aprovechar al m\u00e1ximo un fin de semana en Asturias.<\/p>\n<p>\u00bfQuieres saber c\u00f3mo?<\/p>\n<p><strong>D\u00eda 1<\/strong><\/p>\n<p>A partir de las 17:00h ya podemos hacer el <em>check-in<\/em> en San Feliz, descarg\u00e1is el equipaje y os acomod\u00e1is (no mucho) en el apartamento.<\/p>\n<p>Os prepar\u00e1is y conduc\u00eds hasta Mieres, a menos de 10 minutos en coche desde San Feliz. Vais a la <strong>plaza de Requejo<\/strong>, la plaza emblem\u00e1tica de Mieres y all\u00ed prob\u00e1is la sidra asturiana en una de sus terrazas.<\/p>\n<p>Al lado de la plaza est\u00e1 el <a href=\"https:\/\/tc28.es\"><strong>bar gastron\u00f3mico TC28<\/strong><\/a>, donde pod\u00e9is probar cualquier cosa de la carta porque nunca falla, est\u00e1 todo buen\u00edsimo, aunque tenemos una recomendaci\u00f3n:<strong> las croquetas<\/strong>. Despu\u00e9s de cenar tambi\u00e9n pod\u00e9is tomaros una copita. El ambiente en Mieres son los viernes.<\/p>\n<p><strong>D\u00eda 2<\/strong><\/p>\n<p>Ya que os aloj\u00e1is en San Feliz, rodeados de esta impresionante naturaleza, es imprescindible hacer una ruta de senderismo por el <strong><a href=\"https:\/\/www.turismoasturias.es\/descubre\/naturaleza\/reservas-de-la-biosfera\/parque-natural-de-las-ubinas-la-mesa\">Parque Natural las Ubi\u00f1as- La Mesa<\/a>, que fue declarado Reserva de la Biosfera en el a\u00f1o 2012<\/strong>.<\/p>\n<p>Una de las rutas m\u00e1s conocidas y f\u00e1ciles de este parque, es desde Tuiza de Arriba hasta el <strong>Refugio del Meic\u00edn<\/strong>. All\u00ed hay un parking donde pod\u00e9is dejar el coche y donde la ruta comienza. Es f\u00e1cil, corta y est\u00e1 bien indicada.<\/p>\n<p>Una vez en la cima, llegar\u00e9is al refugio, donde sirven comidas.<\/p>\n<p>Despu\u00e9s de comer, volv\u00e9is al apartamento a poneros guapos y direcci\u00f3n la capital, <strong>Oviedo<\/strong>, a tan solo 20 minutos de San Feliz.<\/p>\n<p>En Oviedo pod\u00e9is visitar la Catedral, el parque San Francisco y el casco hist\u00f3rico. Depende del tiempo que teng\u00e1is antes de que oscurezca. Para cenar, no os pod\u00e9is perder visitar <strong><a href=\"https:\/\/tierra-astur.com\">Tierra Astur<\/a>, <\/strong>restaurante con t\u00edpica comida asturiana. Siempre hay bastante ambiente, pero en el centro de la ciudad hay tres restaurantes.<\/p>\n<p><strong>D\u00eda 3<\/strong><\/p>\n<p>Toca madrugar y antes de hacer el <em>check &#8211; out<\/em>, no os pod\u00e9is ir de Asturias sin visitar <a href=\"https:\/\/www.turismoasturias.es\/descubre\/cultura\/prerromanico\/santa-cristina-de-lena\"><strong>Santa Cristina de Lena<\/strong><\/a>. Una parada 100% obligatoria. Es nuestra joya del prerrom\u00e1nico del siglo IX y fue declarada <strong>Patrimonio de la Humanidad por la UNESCO<\/strong> en 1985.<\/p>\n<p>Una vez hecho el <em>check &#8211; out<\/em>, si la direcci\u00f3n de vuelta a casa es la A-66, aconsejamos cambiarla por el puerto y hacer una parada en la <a href=\"https:\/\/sanfeliz.es\/en\/alojamiento-ideal-para-esquiadores\/\"><strong>Estaci\u00f3n de Esqu\u00ed Valgrande &#8211; Pajares<\/strong><\/a>. Con el nuevo telecabina abierto al p\u00fablico, pod\u00e9is subir y ver las vistas del impresionante <strong>Cuitu Negru<\/strong>.<\/p>","protected":false},"excerpt":{"rendered":"<p>Cuando organizamos una escapada, a veces, lo que m\u00e1s pereza nos puede dar es organizar d\u00eda a d\u00eda lo que vamos hacer, ya que hay much\u00edsimas opciones y no tanto tiempo (por desgracia). Durante el mes de marzo, esa pereza de organizar viajes va a desaparecer porque desde San Feliz ofrecemos el paquete completo para [&hellip;]<\/p>\n","protected":false},"author":2,"featured_media":1657,"comment_status":"closed","ping_status":"closed","sticky":false,"template":"","format":"standard","meta":{"footnotes":""},"categories":[2],"tags":[6,18,7,19,20,9,10,11,13,14,15,16,68],"class_list":["post-1656","post","type-post","status-publish","format-standard","has-post-thumbnail","hentry","category-blog","tag-apartamentos","tag-apartamentosasturias","tag-asturias","tag-asturiasparaisonatural","tag-feliz","tag-lena","tag-montanacentralasturias","tag-naturaleza","tag-rural","tag-ruralife","tag-sanfeliz","tag-turismo","tag-turismoasturias-familia-familiaviajera-petfriendly-valgrandepajares-esqui-paqueteturistico-paqueteasturias"],"yoast_head":"<!-- This site is optimized with the Yoast SEO plugin v27.5 - https:\/\/yoast.com\/product\/yoast-seo-wordpress\/ -->\n<title>Fin de semana en Asturias - Espacio Rural San Feliz<\/title>\n<meta name=\"description\" content=\"Para los que no les apetece organizar, durante el mes de marzo podr\u00e1s reservar un paquete completo para un fin de semana en San Feliz.\" \/>\n<meta name=\"robots\" content=\"index, follow, max-snippet:-1, max-image-preview:large, max-video-preview:-1\" \/>\n<link rel=\"canonical\" href=\"https:\/\/sanfeliz.es\/en\/2024\/03\/05\/fin-de-semana-en-asturias\/\" \/>\n<meta property=\"og:locale\" content=\"en_GB\" \/>\n<meta property=\"og:type\" content=\"article\" \/>\n<meta property=\"og:title\" content=\"Fin de semana en Asturias - Espacio Rural San Feliz\" \/>\n<meta property=\"og:description\" content=\"Para los que no les apetece organizar, durante el mes de marzo podr\u00e1s reservar un paquete completo para un fin de semana en San Feliz.\" \/>\n<meta property=\"og:url\" content=\"https:\/\/sanfeliz.es\/en\/2024\/03\/05\/fin-de-semana-en-asturias\/\" \/>\n<meta property=\"og:site_name\" content=\"Espacio Rural San Feliz\" \/>\n<meta property=\"article:published_time\" content=\"2024-03-05T11:37:37+00:00\" \/>\n<meta property=\"article:modified_time\" content=\"2024-04-16T15:24:28+00:00\" \/>\n<meta property=\"og:image\" content=\"https:\/\/sanfeliz.es\/wp-content\/uploads\/2024\/03\/1.2.jpg\" \/>\n\t<meta property=\"og:image:width\" content=\"1920\" \/>\n\t<meta property=\"og:image:height\" content=\"960\" \/>\n\t<meta property=\"og:image:type\" content=\"image\/jpeg\" \/>\n<meta name=\"author\" content=\"Elena Nu\u00f1ez\" \/>\n<meta name=\"twitter:card\" content=\"summary_large_image\" \/>\n<meta name=\"twitter:label1\" content=\"Written by\" \/>\n\t<meta name=\"twitter:data1\" content=\"Elena Nu\u00f1ez\" \/>\n\t<meta name=\"twitter:label2\" content=\"Estimated reading time\" \/>\n\t<meta name=\"twitter:data2\" content=\"3 minutes\" \/>\n<script type=\"application\/ld+json\" class=\"yoast-schema-graph\">{\"@context\":\"https:\\\/\\\/schema.org\",\"@graph\":[{\"@type\":\"Article\",\"@id\":\"https:\\\/\\\/sanfeliz.es\\\/2024\\\/03\\\/05\\\/fin-de-semana-en-asturias\\\/#article\",\"isPartOf\":{\"@id\":\"https:\\\/\\\/sanfeliz.es\\\/2024\\\/03\\\/05\\\/fin-de-semana-en-asturias\\\/\"},\"author\":{\"name\":\"Elena Nu\u00f1ez\",\"@id\":\"https:\\\/\\\/sanfeliz.es\\\/#\\\/schema\\\/person\\\/69f500becb0f2064da1737a9685fdb23\"},\"headline\":\"Fin de semana en Asturias\",\"datePublished\":\"2024-03-05T11:37:37+00:00\",\"dateModified\":\"2024-04-16T15:24:28+00:00\",\"mainEntityOfPage\":{\"@id\":\"https:\\\/\\\/sanfeliz.es\\\/2024\\\/03\\\/05\\\/fin-de-semana-en-asturias\\\/\"},\"wordCount\":483,\"publisher\":{\"@id\":\"https:\\\/\\\/sanfeliz.es\\\/#organization\"},\"image\":{\"@id\":\"https:\\\/\\\/sanfeliz.es\\\/2024\\\/03\\\/05\\\/fin-de-semana-en-asturias\\\/#primaryimage\"},\"thumbnailUrl\":\"https:\\\/\\\/sanfeliz.es\\\/wp-content\\\/uploads\\\/2024\\\/03\\\/1.2.jpg\",\"keywords\":[\"#apartamentos\",\"#apartamentosasturias\",\"#asturias\",\"#asturiasparaisonatural\",\"#feliz\",\"#lena\",\"#monta\u00f1acentralasturias\",\"#naturaleza\",\"#rural\",\"#ruralife\",\"#sanfeliz\",\"#turismo\",\"#turismoasturias #familia #familiaviajera #petfriendly #valgrandePajares #esqui #paqueteturistico #paqueteAsturias\"],\"articleSection\":[\"Blog\"],\"inLanguage\":\"en-GB\"},{\"@type\":\"WebPage\",\"@id\":\"https:\\\/\\\/sanfeliz.es\\\/2024\\\/03\\\/05\\\/fin-de-semana-en-asturias\\\/\",\"url\":\"https:\\\/\\\/sanfeliz.es\\\/2024\\\/03\\\/05\\\/fin-de-semana-en-asturias\\\/\",\"name\":\"Fin de semana en Asturias - Espacio Rural San Feliz\",\"isPartOf\":{\"@id\":\"https:\\\/\\\/sanfeliz.es\\\/#website\"},\"primaryImageOfPage\":{\"@id\":\"https:\\\/\\\/sanfeliz.es\\\/2024\\\/03\\\/05\\\/fin-de-semana-en-asturias\\\/#primaryimage\"},\"image\":{\"@id\":\"https:\\\/\\\/sanfeliz.es\\\/2024\\\/03\\\/05\\\/fin-de-semana-en-asturias\\\/#primaryimage\"},\"thumbnailUrl\":\"https:\\\/\\\/sanfeliz.es\\\/wp-content\\\/uploads\\\/2024\\\/03\\\/1.2.jpg\",\"datePublished\":\"2024-03-05T11:37:37+00:00\",\"dateModified\":\"2024-04-16T15:24:28+00:00\",\"description\":\"Para los que no les apetece organizar, durante el mes de marzo podr\u00e1s reservar un paquete completo para un fin de semana en San Feliz.\",\"breadcrumb\":{\"@id\":\"https:\\\/\\\/sanfeliz.es\\\/2024\\\/03\\\/05\\\/fin-de-semana-en-asturias\\\/#breadcrumb\"},\"inLanguage\":\"en-GB\",\"potentialAction\":[{\"@type\":\"ReadAction\",\"target\":[\"https:\\\/\\\/sanfeliz.es\\\/2024\\\/03\\\/05\\\/fin-de-semana-en-asturias\\\/\"]}]},{\"@type\":\"ImageObject\",\"inLanguage\":\"en-GB\",\"@id\":\"https:\\\/\\\/sanfeliz.es\\\/2024\\\/03\\\/05\\\/fin-de-semana-en-asturias\\\/#primaryimage\",\"url\":\"https:\\\/\\\/sanfeliz.es\\\/wp-content\\\/uploads\\\/2024\\\/03\\\/1.2.jpg\",\"contentUrl\":\"https:\\\/\\\/sanfeliz.es\\\/wp-content\\\/uploads\\\/2024\\\/03\\\/1.2.jpg\",\"width\":1920,\"height\":960,\"caption\":\"Paquete completo desde San Feliz\"},{\"@type\":\"BreadcrumbList\",\"@id\":\"https:\\\/\\\/sanfeliz.es\\\/2024\\\/03\\\/05\\\/fin-de-semana-en-asturias\\\/#breadcrumb\",\"itemListElement\":[{\"@type\":\"ListItem\",\"position\":1,\"name\":\"Portada\",\"item\":\"https:\\\/\\\/sanfeliz.es\\\/\"},{\"@type\":\"ListItem\",\"position\":2,\"name\":\"Fin de semana en Asturias\"}]},{\"@type\":\"WebSite\",\"@id\":\"https:\\\/\\\/sanfeliz.es\\\/#website\",\"url\":\"https:\\\/\\\/sanfeliz.es\\\/\",\"name\":\"Espacio Rural San Feliz\",\"description\":\"Apartamentos rurales San feliz\",\"publisher\":{\"@id\":\"https:\\\/\\\/sanfeliz.es\\\/#organization\"},\"potentialAction\":[{\"@type\":\"SearchAction\",\"target\":{\"@type\":\"EntryPoint\",\"urlTemplate\":\"https:\\\/\\\/sanfeliz.es\\\/?s={search_term_string}\"},\"query-input\":{\"@type\":\"PropertyValueSpecification\",\"valueRequired\":true,\"valueName\":\"search_term_string\"}}],\"inLanguage\":\"en-GB\"},{\"@type\":\"Organization\",\"@id\":\"https:\\\/\\\/sanfeliz.es\\\/#organization\",\"name\":\"Espacio Rural San Feliz\",\"url\":\"https:\\\/\\\/sanfeliz.es\\\/\",\"logo\":{\"@type\":\"ImageObject\",\"inLanguage\":\"en-GB\",\"@id\":\"https:\\\/\\\/sanfeliz.es\\\/#\\\/schema\\\/logo\\\/image\\\/\",\"url\":\"https:\\\/\\\/sanfeliz.es\\\/wp-content\\\/uploads\\\/2023\\\/09\\\/logo-san-feliz-web.png\",\"contentUrl\":\"https:\\\/\\\/sanfeliz.es\\\/wp-content\\\/uploads\\\/2023\\\/09\\\/logo-san-feliz-web.png\",\"width\":350,\"height\":124,\"caption\":\"Espacio Rural San Feliz\"},\"image\":{\"@id\":\"https:\\\/\\\/sanfeliz.es\\\/#\\\/schema\\\/logo\\\/image\\\/\"}},{\"@type\":\"Person\",\"@id\":\"https:\\\/\\\/sanfeliz.es\\\/#\\\/schema\\\/person\\\/69f500becb0f2064da1737a9685fdb23\",\"name\":\"Elena Nu\u00f1ez\",\"image\":{\"@type\":\"ImageObject\",\"inLanguage\":\"en-GB\",\"@id\":\"https:\\\/\\\/secure.gravatar.com\\\/avatar\\\/3c6c936a7eb63c2d100087d9bb51c73faf16ded613e40208457798ccc0663c86?s=96&d=mm&r=g\",\"url\":\"https:\\\/\\\/secure.gravatar.com\\\/avatar\\\/3c6c936a7eb63c2d100087d9bb51c73faf16ded613e40208457798ccc0663c86?s=96&d=mm&r=g\",\"contentUrl\":\"https:\\\/\\\/secure.gravatar.com\\\/avatar\\\/3c6c936a7eb63c2d100087d9bb51c73faf16ded613e40208457798ccc0663c86?s=96&d=mm&r=g\",\"caption\":\"Elena Nu\u00f1ez\"},\"url\":\"https:\\\/\\\/sanfeliz.es\\\/en\\\/author\\\/elena\\\/\"}]}<\/script>\n<!-- \/ Yoast SEO plugin. -->","yoast_head_json":{"title":"Fin de semana en Asturias - Espacio Rural San Feliz","description":"Para los que no les apetece organizar, durante el mes de marzo podr\u00e1s reservar un paquete completo para un fin de semana en San Feliz.","robots":{"index":"index","follow":"follow","max-snippet":"max-snippet:-1","max-image-preview":"max-image-preview:large","max-video-preview":"max-video-preview:-1"},"canonical":"https:\/\/sanfeliz.es\/en\/2024\/03\/05\/fin-de-semana-en-asturias\/","og_locale":"en_GB","og_type":"article","og_title":"Fin de semana en Asturias - Espacio Rural San Feliz","og_description":"Para los que no les apetece organizar, durante el mes de marzo podr\u00e1s reservar un paquete completo para un fin de semana en San Feliz.","og_url":"https:\/\/sanfeliz.es\/en\/2024\/03\/05\/fin-de-semana-en-asturias\/","og_site_name":"Espacio Rural San Feliz","article_published_time":"2024-03-05T11:37:37+00:00","article_modified_time":"2024-04-16T15:24:28+00:00","og_image":[{"width":1920,"height":960,"url":"https:\/\/sanfeliz.es\/wp-content\/uploads\/2024\/03\/1.2.jpg","type":"image\/jpeg"}],"author":"Elena Nu\u00f1ez","twitter_card":"summary_large_image","twitter_misc":{"Written by":"Elena Nu\u00f1ez","Estimated reading time":"3 minutes"},"schema":{"@context":"https:\/\/schema.org","@graph":[{"@type":"Article","@id":"https:\/\/sanfeliz.es\/2024\/03\/05\/fin-de-semana-en-asturias\/#article","isPartOf":{"@id":"https:\/\/sanfeliz.es\/2024\/03\/05\/fin-de-semana-en-asturias\/"},"author":{"name":"Elena Nu\u00f1ez","@id":"https:\/\/sanfeliz.es\/#\/schema\/person\/69f500becb0f2064da1737a9685fdb23"},"headline":"Fin de semana en Asturias","datePublished":"2024-03-05T11:37:37+00:00","dateModified":"2024-04-16T15:24:28+00:00","mainEntityOfPage":{"@id":"https:\/\/sanfeliz.es\/2024\/03\/05\/fin-de-semana-en-asturias\/"},"wordCount":483,"publisher":{"@id":"https:\/\/sanfeliz.es\/#organization"},"image":{"@id":"https:\/\/sanfeliz.es\/2024\/03\/05\/fin-de-semana-en-asturias\/#primaryimage"},"thumbnailUrl":"https:\/\/sanfeliz.es\/wp-content\/uploads\/2024\/03\/1.2.jpg","keywords":["#apartamentos","#apartamentosasturias","#asturias","#asturiasparaisonatural","#feliz","#lena","#monta\u00f1acentralasturias","#naturaleza","#rural","#ruralife","#sanfeliz","#turismo","#turismoasturias #familia #familiaviajera #petfriendly #valgrandePajares #esqui #paqueteturistico #paqueteAsturias"],"articleSection":["Blog"],"inLanguage":"en-GB"},{"@type":"WebPage","@id":"https:\/\/sanfeliz.es\/2024\/03\/05\/fin-de-semana-en-asturias\/","url":"https:\/\/sanfeliz.es\/2024\/03\/05\/fin-de-semana-en-asturias\/","name":"Fin de semana en Asturias - Espacio Rural San Feliz","isPartOf":{"@id":"https:\/\/sanfeliz.es\/#website"},"primaryImageOfPage":{"@id":"https:\/\/sanfeliz.es\/2024\/03\/05\/fin-de-semana-en-asturias\/#primaryimage"},"image":{"@id":"https:\/\/sanfeliz.es\/2024\/03\/05\/fin-de-semana-en-asturias\/#primaryimage"},"thumbnailUrl":"https:\/\/sanfeliz.es\/wp-content\/uploads\/2024\/03\/1.2.jpg","datePublished":"2024-03-05T11:37:37+00:00","dateModified":"2024-04-16T15:24:28+00:00","description":"Para los que no les apetece organizar, durante el mes de marzo podr\u00e1s reservar un paquete completo para un fin de semana en San Feliz.","breadcrumb":{"@id":"https:\/\/sanfeliz.es\/2024\/03\/05\/fin-de-semana-en-asturias\/#breadcrumb"},"inLanguage":"en-GB","potentialAction":[{"@type":"ReadAction","target":["https:\/\/sanfeliz.es\/2024\/03\/05\/fin-de-semana-en-asturias\/"]}]},{"@type":"ImageObject","inLanguage":"en-GB","@id":"https:\/\/sanfeliz.es\/2024\/03\/05\/fin-de-semana-en-asturias\/#primaryimage","url":"https:\/\/sanfeliz.es\/wp-content\/uploads\/2024\/03\/1.2.jpg","contentUrl":"https:\/\/sanfeliz.es\/wp-content\/uploads\/2024\/03\/1.2.jpg","width":1920,"height":960,"caption":"Paquete completo desde San Feliz"},{"@type":"BreadcrumbList","@id":"https:\/\/sanfeliz.es\/2024\/03\/05\/fin-de-semana-en-asturias\/#breadcrumb","itemListElement":[{"@type":"ListItem","position":1,"name":"Portada","item":"https:\/\/sanfeliz.es\/"},{"@type":"ListItem","position":2,"name":"Fin de semana en Asturias"}]},{"@type":"WebSite","@id":"https:\/\/sanfeliz.es\/#website","url":"https:\/\/sanfeliz.es\/","name":"Espacio Rural San Feliz","description":"Apartamentos rurales San feliz","publisher":{"@id":"https:\/\/sanfeliz.es\/#organization"},"potentialAction":[{"@type":"SearchAction","target":{"@type":"EntryPoint","urlTemplate":"https:\/\/sanfeliz.es\/?s={search_term_string}"},"query-input":{"@type":"PropertyValueSpecification","valueRequired":true,"valueName":"search_term_string"}}],"inLanguage":"en-GB"},{"@type":"Organization","@id":"https:\/\/sanfeliz.es\/#organization","name":"Espacio Rural San Feliz","url":"https:\/\/sanfeliz.es\/","logo":{"@type":"ImageObject","inLanguage":"en-GB","@id":"https:\/\/sanfeliz.es\/#\/schema\/logo\/image\/","url":"https:\/\/sanfeliz.es\/wp-content\/uploads\/2023\/09\/logo-san-feliz-web.png","contentUrl":"https:\/\/sanfeliz.es\/wp-content\/uploads\/2023\/09\/logo-san-feliz-web.png","width":350,"height":124,"caption":"Espacio Rural San Feliz"},"image":{"@id":"https:\/\/sanfeliz.es\/#\/schema\/logo\/image\/"}},{"@type":"Person","@id":"https:\/\/sanfeliz.es\/#\/schema\/person\/69f500becb0f2064da1737a9685fdb23","name":"Elena Nu\u00f1ez","image":{"@type":"ImageObject","inLanguage":"en-GB","@id":"https:\/\/secure.gravatar.com\/avatar\/3c6c936a7eb63c2d100087d9bb51c73faf16ded613e40208457798ccc0663c86?s=96&d=mm&r=g","url":"https:\/\/secure.gravatar.com\/avatar\/3c6c936a7eb63c2d100087d9bb51c73faf16ded613e40208457798ccc0663c86?s=96&d=mm&r=g","contentUrl":"https:\/\/secure.gravatar.com\/avatar\/3c6c936a7eb63c2d100087d9bb51c73faf16ded613e40208457798ccc0663c86?s=96&d=mm&r=g","caption":"Elena Nu\u00f1ez"},"url":"https:\/\/sanfeliz.es\/en\/author\/elena\/"}]}},"_links":{"self":[{"href":"https:\/\/sanfeliz.es\/en\/wp-json\/wp\/v2\/posts\/1656","targetHints":{"allow":["GET"]}}],"collection":[{"href":"https:\/\/sanfeliz.es\/en\/wp-json\/wp\/v2\/posts"}],"about":[{"href":"https:\/\/sanfeliz.es\/en\/wp-json\/wp\/v2\/types\/post"}],"author":[{"embeddable":true,"href":"https:\/\/sanfeliz.es\/en\/wp-json\/wp\/v2\/users\/2"}],"replies":[{"embeddable":true,"href":"https:\/\/sanfeliz.es\/en\/wp-json\/wp\/v2\/comments?post=1656"}],"version-history":[{"count":0,"href":"https:\/\/sanfeliz.es\/en\/wp-json\/wp\/v2\/posts\/1656\/revisions"}],"wp:featuredmedia":[{"embeddable":true,"href":"https:\/\/sanfeliz.es\/en\/wp-json\/wp\/v2\/media\/1657"}],"wp:attachment":[{"href":"https:\/\/sanfeliz.es\/en\/wp-json\/wp\/v2\/media?parent=1656"}],"wp:term":[{"taxonomy":"category","embeddable":true,"href":"https:\/\/sanfeliz.es\/en\/wp-json\/wp\/v2\/categories?post=1656"},{"taxonomy":"post_tag","embeddable":true,"href":"https:\/\/sanfeliz.es\/en\/wp-json\/wp\/v2\/tags?post=1656"}],"curies":[{"name":"wp","href":"https:\/\/api.w.org\/{rel}","templated":true}]}}