{"id":2042,"date":"2024-07-30T11:52:09","date_gmt":"2024-07-30T09:52:09","guid":{"rendered":"https:\/\/sanfeliz.es\/?p=2042"},"modified":"2024-07-30T11:53:24","modified_gmt":"2024-07-30T09:53:24","slug":"eclipse-total-en-2026","status":"publish","type":"post","link":"https:\/\/sanfeliz.es\/en\/2024\/07\/30\/eclipse-total-en-2026\/","title":{"rendered":"Eclipse total en 2026"},"content":{"rendered":"<p>El <strong>12 de agosto de 2026,<\/strong> Espa\u00f1a ser\u00e1 uno de los mejores escenarios para visualizar un momento hist\u00f3rico, el <strong>Eclipse solar total.<\/strong><\/p>\n<p>Despu\u00e9s de 67 a\u00f1os desde este fen\u00f3meno en nuestro pa\u00eds, solo ser\u00e1 visible en el extremo norte de<strong> Siberia<\/strong>, en el extremo oeste de <strong>Islandia<\/strong>, en <strong>Groenlandia<\/strong> y en la mitad norte de <strong>Espa\u00f1a<\/strong>. Concretamente, una de las mejores ubicaciones para verlo ser\u00e1 <strong>San Feliz, donde la magnitud y duraci\u00f3n de la fase total ser\u00e1 mayor, alcanzando 1 minuto y 48 segundos.\u00a0<\/strong><\/p>\n<p>&nbsp;<\/p>\n<p><img fetchpriority=\"high\" decoding=\"async\" class=\"alignnone size-medium wp-image-2043\" src=\"https:\/\/sanfeliz.es\/wp-content\/uploads\/2024\/07\/Captura-de-pantalla-2024-07-25-a-las-13.29.40-300x232.jpg\" alt=\"\" width=\"300\" height=\"232\" srcset=\"https:\/\/sanfeliz.es\/wp-content\/uploads\/2024\/07\/Captura-de-pantalla-2024-07-25-a-las-13.29.40-300x232.jpg 300w, https:\/\/sanfeliz.es\/wp-content\/uploads\/2024\/07\/Captura-de-pantalla-2024-07-25-a-las-13.29.40.jpg 709w\" sizes=\"(max-width: 300px) 100vw, 300px\" \/><\/p>\n<p>&nbsp;<\/p>\n<p><img decoding=\"async\" class=\"alignnone size-medium wp-image-2044\" src=\"https:\/\/sanfeliz.es\/wp-content\/uploads\/2024\/07\/Captura-de-pantalla-2024-07-25-a-las-13.30.29-300x166.jpg\" alt=\"\" width=\"300\" height=\"166\" srcset=\"https:\/\/sanfeliz.es\/wp-content\/uploads\/2024\/07\/Captura-de-pantalla-2024-07-25-a-las-13.30.29-300x166.jpg 300w, https:\/\/sanfeliz.es\/wp-content\/uploads\/2024\/07\/Captura-de-pantalla-2024-07-25-a-las-13.30.29-1024x568.jpg 1024w, https:\/\/sanfeliz.es\/wp-content\/uploads\/2024\/07\/Captura-de-pantalla-2024-07-25-a-las-13.30.29-768x426.jpg 768w, https:\/\/sanfeliz.es\/wp-content\/uploads\/2024\/07\/Captura-de-pantalla-2024-07-25-a-las-13.30.29.jpg 1305w\" sizes=\"(max-width: 300px) 100vw, 300px\" \/><\/p>\n<p>&nbsp;<\/p>\n<p>Debido a la gran demanda que este evento supone, ya que ser\u00e1 un momento hist\u00f3rico, es recomendable ir <a href=\"https:\/\/sanfeliz.es\/en\/\"><strong>organizando el viaje a Asturias<\/strong><\/a> y aprovechar a conocer esta <strong>regi\u00f3n paradisiaca.<\/strong><\/p>\n<p>&nbsp;<\/p>","protected":false},"excerpt":{"rendered":"<p>El 12 de agosto de 2026, Espa\u00f1a ser\u00e1 uno de los mejores escenarios para visualizar un momento hist\u00f3rico, el Eclipse solar total. Despu\u00e9s de 67 a\u00f1os desde este fen\u00f3meno en nuestro pa\u00eds, solo ser\u00e1 visible en el extremo norte de Siberia, en el extremo oeste de Islandia, en Groenlandia y en la mitad norte de [&hellip;]<\/p>\n","protected":false},"author":2,"featured_media":2043,"comment_status":"closed","ping_status":"closed","sticky":false,"template":"","format":"standard","meta":{"footnotes":""},"categories":[2],"tags":[6,18,7,19,20,9,10,11,13,14,15,16,70],"class_list":["post-2042","post","type-post","status-publish","format-standard","has-post-thumbnail","hentry","category-blog","tag-apartamentos","tag-apartamentosasturias","tag-asturias","tag-asturiasparaisonatural","tag-feliz","tag-lena","tag-montanacentralasturias","tag-naturaleza","tag-rural","tag-ruralife","tag-sanfeliz","tag-turismo","tag-turismoasturias-familia-familiaviajera-petfriendly-vacacionesenfamilia"],"yoast_head":"<!-- This site is optimized with the Yoast SEO plugin v27.5 - https:\/\/yoast.com\/product\/yoast-seo-wordpress\/ -->\n<title>Eclipse total en 2026 - Espacio Rural San Feliz<\/title>\n<meta name=\"description\" content=\"San Feliz en Asturias, ser\u00e1 uno de los mejores escenarios para visualizar el Eclipse solar total el 12 de agosto de 2026.\" \/>\n<meta name=\"robots\" content=\"index, follow, max-snippet:-1, max-image-preview:large, max-video-preview:-1\" \/>\n<link rel=\"canonical\" href=\"https:\/\/sanfeliz.es\/en\/2024\/07\/30\/eclipse-total-en-2026\/\" \/>\n<meta property=\"og:locale\" content=\"en_GB\" \/>\n<meta property=\"og:type\" content=\"article\" \/>\n<meta property=\"og:title\" content=\"Eclipse total en 2026 - Espacio Rural San Feliz\" \/>\n<meta property=\"og:description\" content=\"San Feliz en Asturias, ser\u00e1 uno de los mejores escenarios para visualizar el Eclipse solar total el 12 de agosto de 2026.\" \/>\n<meta property=\"og:url\" content=\"https:\/\/sanfeliz.es\/en\/2024\/07\/30\/eclipse-total-en-2026\/\" \/>\n<meta property=\"og:site_name\" content=\"Espacio Rural San Feliz\" \/>\n<meta property=\"article:published_time\" content=\"2024-07-30T09:52:09+00:00\" \/>\n<meta property=\"article:modified_time\" content=\"2024-07-30T09:53:24+00:00\" \/>\n<meta property=\"og:image\" content=\"https:\/\/sanfeliz.es\/wp-content\/uploads\/2024\/07\/Captura-de-pantalla-2024-07-25-a-las-13.29.40.jpg\" \/>\n\t<meta property=\"og:image:width\" content=\"709\" \/>\n\t<meta property=\"og:image:height\" content=\"549\" \/>\n\t<meta property=\"og:image:type\" content=\"image\/jpeg\" \/>\n<meta name=\"author\" content=\"Elena Nu\u00f1ez\" \/>\n<meta name=\"twitter:card\" content=\"summary_large_image\" \/>\n<meta name=\"twitter:label1\" content=\"Written by\" \/>\n\t<meta name=\"twitter:data1\" content=\"Elena Nu\u00f1ez\" \/>\n\t<meta name=\"twitter:label2\" content=\"Estimated reading time\" \/>\n\t<meta name=\"twitter:data2\" content=\"2 minutes\" \/>\n<script type=\"application\/ld+json\" class=\"yoast-schema-graph\">{\"@context\":\"https:\\\/\\\/schema.org\",\"@graph\":[{\"@type\":\"Article\",\"@id\":\"https:\\\/\\\/sanfeliz.es\\\/2024\\\/07\\\/30\\\/eclipse-total-en-2026\\\/#article\",\"isPartOf\":{\"@id\":\"https:\\\/\\\/sanfeliz.es\\\/2024\\\/07\\\/30\\\/eclipse-total-en-2026\\\/\"},\"author\":{\"name\":\"Elena Nu\u00f1ez\",\"@id\":\"https:\\\/\\\/sanfeliz.es\\\/#\\\/schema\\\/person\\\/69f500becb0f2064da1737a9685fdb23\"},\"headline\":\"Eclipse total en 2026\",\"datePublished\":\"2024-07-30T09:52:09+00:00\",\"dateModified\":\"2024-07-30T09:53:24+00:00\",\"mainEntityOfPage\":{\"@id\":\"https:\\\/\\\/sanfeliz.es\\\/2024\\\/07\\\/30\\\/eclipse-total-en-2026\\\/\"},\"wordCount\":126,\"publisher\":{\"@id\":\"https:\\\/\\\/sanfeliz.es\\\/#organization\"},\"image\":{\"@id\":\"https:\\\/\\\/sanfeliz.es\\\/2024\\\/07\\\/30\\\/eclipse-total-en-2026\\\/#primaryimage\"},\"thumbnailUrl\":\"https:\\\/\\\/sanfeliz.es\\\/wp-content\\\/uploads\\\/2024\\\/07\\\/Captura-de-pantalla-2024-07-25-a-las-13.29.40.jpg\",\"keywords\":[\"#apartamentos\",\"#apartamentosasturias\",\"#asturias\",\"#asturiasparaisonatural\",\"#feliz\",\"#lena\",\"#monta\u00f1acentralasturias\",\"#naturaleza\",\"#rural\",\"#ruralife\",\"#sanfeliz\",\"#turismo\",\"#turismoasturias #familia #familiaviajera #petfriendly #vacacionesenfamilia\"],\"articleSection\":[\"Blog\"],\"inLanguage\":\"en-GB\"},{\"@type\":\"WebPage\",\"@id\":\"https:\\\/\\\/sanfeliz.es\\\/2024\\\/07\\\/30\\\/eclipse-total-en-2026\\\/\",\"url\":\"https:\\\/\\\/sanfeliz.es\\\/2024\\\/07\\\/30\\\/eclipse-total-en-2026\\\/\",\"name\":\"Eclipse total en 2026 - Espacio Rural San Feliz\",\"isPartOf\":{\"@id\":\"https:\\\/\\\/sanfeliz.es\\\/#website\"},\"primaryImageOfPage\":{\"@id\":\"https:\\\/\\\/sanfeliz.es\\\/2024\\\/07\\\/30\\\/eclipse-total-en-2026\\\/#primaryimage\"},\"image\":{\"@id\":\"https:\\\/\\\/sanfeliz.es\\\/2024\\\/07\\\/30\\\/eclipse-total-en-2026\\\/#primaryimage\"},\"thumbnailUrl\":\"https:\\\/\\\/sanfeliz.es\\\/wp-content\\\/uploads\\\/2024\\\/07\\\/Captura-de-pantalla-2024-07-25-a-las-13.29.40.jpg\",\"datePublished\":\"2024-07-30T09:52:09+00:00\",\"dateModified\":\"2024-07-30T09:53:24+00:00\",\"description\":\"San Feliz en Asturias, ser\u00e1 uno de los mejores escenarios para visualizar el Eclipse solar total el 12 de agosto de 2026.\",\"breadcrumb\":{\"@id\":\"https:\\\/\\\/sanfeliz.es\\\/2024\\\/07\\\/30\\\/eclipse-total-en-2026\\\/#breadcrumb\"},\"inLanguage\":\"en-GB\",\"potentialAction\":[{\"@type\":\"ReadAction\",\"target\":[\"https:\\\/\\\/sanfeliz.es\\\/2024\\\/07\\\/30\\\/eclipse-total-en-2026\\\/\"]}]},{\"@type\":\"ImageObject\",\"inLanguage\":\"en-GB\",\"@id\":\"https:\\\/\\\/sanfeliz.es\\\/2024\\\/07\\\/30\\\/eclipse-total-en-2026\\\/#primaryimage\",\"url\":\"https:\\\/\\\/sanfeliz.es\\\/wp-content\\\/uploads\\\/2024\\\/07\\\/Captura-de-pantalla-2024-07-25-a-las-13.29.40.jpg\",\"contentUrl\":\"https:\\\/\\\/sanfeliz.es\\\/wp-content\\\/uploads\\\/2024\\\/07\\\/Captura-de-pantalla-2024-07-25-a-las-13.29.40.jpg\",\"width\":709,\"height\":549},{\"@type\":\"BreadcrumbList\",\"@id\":\"https:\\\/\\\/sanfeliz.es\\\/2024\\\/07\\\/30\\\/eclipse-total-en-2026\\\/#breadcrumb\",\"itemListElement\":[{\"@type\":\"ListItem\",\"position\":1,\"name\":\"Portada\",\"item\":\"https:\\\/\\\/sanfeliz.es\\\/\"},{\"@type\":\"ListItem\",\"position\":2,\"name\":\"Eclipse total en 2026\"}]},{\"@type\":\"WebSite\",\"@id\":\"https:\\\/\\\/sanfeliz.es\\\/#website\",\"url\":\"https:\\\/\\\/sanfeliz.es\\\/\",\"name\":\"Espacio Rural San Feliz\",\"description\":\"Apartamentos rurales San feliz\",\"publisher\":{\"@id\":\"https:\\\/\\\/sanfeliz.es\\\/#organization\"},\"potentialAction\":[{\"@type\":\"SearchAction\",\"target\":{\"@type\":\"EntryPoint\",\"urlTemplate\":\"https:\\\/\\\/sanfeliz.es\\\/?s={search_term_string}\"},\"query-input\":{\"@type\":\"PropertyValueSpecification\",\"valueRequired\":true,\"valueName\":\"search_term_string\"}}],\"inLanguage\":\"en-GB\"},{\"@type\":\"Organization\",\"@id\":\"https:\\\/\\\/sanfeliz.es\\\/#organization\",\"name\":\"Espacio Rural San Feliz\",\"url\":\"https:\\\/\\\/sanfeliz.es\\\/\",\"logo\":{\"@type\":\"ImageObject\",\"inLanguage\":\"en-GB\",\"@id\":\"https:\\\/\\\/sanfeliz.es\\\/#\\\/schema\\\/logo\\\/image\\\/\",\"url\":\"https:\\\/\\\/sanfeliz.es\\\/wp-content\\\/uploads\\\/2023\\\/09\\\/logo-san-feliz-web.png\",\"contentUrl\":\"https:\\\/\\\/sanfeliz.es\\\/wp-content\\\/uploads\\\/2023\\\/09\\\/logo-san-feliz-web.png\",\"width\":350,\"height\":124,\"caption\":\"Espacio Rural San Feliz\"},\"image\":{\"@id\":\"https:\\\/\\\/sanfeliz.es\\\/#\\\/schema\\\/logo\\\/image\\\/\"}},{\"@type\":\"Person\",\"@id\":\"https:\\\/\\\/sanfeliz.es\\\/#\\\/schema\\\/person\\\/69f500becb0f2064da1737a9685fdb23\",\"name\":\"Elena Nu\u00f1ez\",\"image\":{\"@type\":\"ImageObject\",\"inLanguage\":\"en-GB\",\"@id\":\"https:\\\/\\\/secure.gravatar.com\\\/avatar\\\/3c6c936a7eb63c2d100087d9bb51c73faf16ded613e40208457798ccc0663c86?s=96&d=mm&r=g\",\"url\":\"https:\\\/\\\/secure.gravatar.com\\\/avatar\\\/3c6c936a7eb63c2d100087d9bb51c73faf16ded613e40208457798ccc0663c86?s=96&d=mm&r=g\",\"contentUrl\":\"https:\\\/\\\/secure.gravatar.com\\\/avatar\\\/3c6c936a7eb63c2d100087d9bb51c73faf16ded613e40208457798ccc0663c86?s=96&d=mm&r=g\",\"caption\":\"Elena Nu\u00f1ez\"},\"url\":\"https:\\\/\\\/sanfeliz.es\\\/en\\\/author\\\/elena\\\/\"}]}<\/script>\n<!-- \/ Yoast SEO plugin. -->","yoast_head_json":{"title":"Eclipse total en 2026 - Espacio Rural San Feliz","description":"San Feliz en Asturias, ser\u00e1 uno de los mejores escenarios para visualizar el Eclipse solar total el 12 de agosto de 2026.","robots":{"index":"index","follow":"follow","max-snippet":"max-snippet:-1","max-image-preview":"max-image-preview:large","max-video-preview":"max-video-preview:-1"},"canonical":"https:\/\/sanfeliz.es\/en\/2024\/07\/30\/eclipse-total-en-2026\/","og_locale":"en_GB","og_type":"article","og_title":"Eclipse total en 2026 - Espacio Rural San Feliz","og_description":"San Feliz en Asturias, ser\u00e1 uno de los mejores escenarios para visualizar el Eclipse solar total el 12 de agosto de 2026.","og_url":"https:\/\/sanfeliz.es\/en\/2024\/07\/30\/eclipse-total-en-2026\/","og_site_name":"Espacio Rural San Feliz","article_published_time":"2024-07-30T09:52:09+00:00","article_modified_time":"2024-07-30T09:53:24+00:00","og_image":[{"width":709,"height":549,"url":"https:\/\/sanfeliz.es\/wp-content\/uploads\/2024\/07\/Captura-de-pantalla-2024-07-25-a-las-13.29.40.jpg","type":"image\/jpeg"}],"author":"Elena Nu\u00f1ez","twitter_card":"summary_large_image","twitter_misc":{"Written by":"Elena Nu\u00f1ez","Estimated reading time":"2 minutes"},"schema":{"@context":"https:\/\/schema.org","@graph":[{"@type":"Article","@id":"https:\/\/sanfeliz.es\/2024\/07\/30\/eclipse-total-en-2026\/#article","isPartOf":{"@id":"https:\/\/sanfeliz.es\/2024\/07\/30\/eclipse-total-en-2026\/"},"author":{"name":"Elena Nu\u00f1ez","@id":"https:\/\/sanfeliz.es\/#\/schema\/person\/69f500becb0f2064da1737a9685fdb23"},"headline":"Eclipse total en 2026","datePublished":"2024-07-30T09:52:09+00:00","dateModified":"2024-07-30T09:53:24+00:00","mainEntityOfPage":{"@id":"https:\/\/sanfeliz.es\/2024\/07\/30\/eclipse-total-en-2026\/"},"wordCount":126,"publisher":{"@id":"https:\/\/sanfeliz.es\/#organization"},"image":{"@id":"https:\/\/sanfeliz.es\/2024\/07\/30\/eclipse-total-en-2026\/#primaryimage"},"thumbnailUrl":"https:\/\/sanfeliz.es\/wp-content\/uploads\/2024\/07\/Captura-de-pantalla-2024-07-25-a-las-13.29.40.jpg","keywords":["#apartamentos","#apartamentosasturias","#asturias","#asturiasparaisonatural","#feliz","#lena","#monta\u00f1acentralasturias","#naturaleza","#rural","#ruralife","#sanfeliz","#turismo","#turismoasturias #familia #familiaviajera #petfriendly #vacacionesenfamilia"],"articleSection":["Blog"],"inLanguage":"en-GB"},{"@type":"WebPage","@id":"https:\/\/sanfeliz.es\/2024\/07\/30\/eclipse-total-en-2026\/","url":"https:\/\/sanfeliz.es\/2024\/07\/30\/eclipse-total-en-2026\/","name":"Eclipse total en 2026 - Espacio Rural San Feliz","isPartOf":{"@id":"https:\/\/sanfeliz.es\/#website"},"primaryImageOfPage":{"@id":"https:\/\/sanfeliz.es\/2024\/07\/30\/eclipse-total-en-2026\/#primaryimage"},"image":{"@id":"https:\/\/sanfeliz.es\/2024\/07\/30\/eclipse-total-en-2026\/#primaryimage"},"thumbnailUrl":"https:\/\/sanfeliz.es\/wp-content\/uploads\/2024\/07\/Captura-de-pantalla-2024-07-25-a-las-13.29.40.jpg","datePublished":"2024-07-30T09:52:09+00:00","dateModified":"2024-07-30T09:53:24+00:00","description":"San Feliz en Asturias, ser\u00e1 uno de los mejores escenarios para visualizar el Eclipse solar total el 12 de agosto de 2026.","breadcrumb":{"@id":"https:\/\/sanfeliz.es\/2024\/07\/30\/eclipse-total-en-2026\/#breadcrumb"},"inLanguage":"en-GB","potentialAction":[{"@type":"ReadAction","target":["https:\/\/sanfeliz.es\/2024\/07\/30\/eclipse-total-en-2026\/"]}]},{"@type":"ImageObject","inLanguage":"en-GB","@id":"https:\/\/sanfeliz.es\/2024\/07\/30\/eclipse-total-en-2026\/#primaryimage","url":"https:\/\/sanfeliz.es\/wp-content\/uploads\/2024\/07\/Captura-de-pantalla-2024-07-25-a-las-13.29.40.jpg","contentUrl":"https:\/\/sanfeliz.es\/wp-content\/uploads\/2024\/07\/Captura-de-pantalla-2024-07-25-a-las-13.29.40.jpg","width":709,"height":549},{"@type":"BreadcrumbList","@id":"https:\/\/sanfeliz.es\/2024\/07\/30\/eclipse-total-en-2026\/#breadcrumb","itemListElement":[{"@type":"ListItem","position":1,"name":"Portada","item":"https:\/\/sanfeliz.es\/"},{"@type":"ListItem","position":2,"name":"Eclipse total en 2026"}]},{"@type":"WebSite","@id":"https:\/\/sanfeliz.es\/#website","url":"https:\/\/sanfeliz.es\/","name":"Espacio Rural San Feliz","description":"Apartamentos rurales San feliz","publisher":{"@id":"https:\/\/sanfeliz.es\/#organization"},"potentialAction":[{"@type":"SearchAction","target":{"@type":"EntryPoint","urlTemplate":"https:\/\/sanfeliz.es\/?s={search_term_string}"},"query-input":{"@type":"PropertyValueSpecification","valueRequired":true,"valueName":"search_term_string"}}],"inLanguage":"en-GB"},{"@type":"Organization","@id":"https:\/\/sanfeliz.es\/#organization","name":"Espacio Rural San Feliz","url":"https:\/\/sanfeliz.es\/","logo":{"@type":"ImageObject","inLanguage":"en-GB","@id":"https:\/\/sanfeliz.es\/#\/schema\/logo\/image\/","url":"https:\/\/sanfeliz.es\/wp-content\/uploads\/2023\/09\/logo-san-feliz-web.png","contentUrl":"https:\/\/sanfeliz.es\/wp-content\/uploads\/2023\/09\/logo-san-feliz-web.png","width":350,"height":124,"caption":"Espacio Rural San Feliz"},"image":{"@id":"https:\/\/sanfeliz.es\/#\/schema\/logo\/image\/"}},{"@type":"Person","@id":"https:\/\/sanfeliz.es\/#\/schema\/person\/69f500becb0f2064da1737a9685fdb23","name":"Elena Nu\u00f1ez","image":{"@type":"ImageObject","inLanguage":"en-GB","@id":"https:\/\/secure.gravatar.com\/avatar\/3c6c936a7eb63c2d100087d9bb51c73faf16ded613e40208457798ccc0663c86?s=96&d=mm&r=g","url":"https:\/\/secure.gravatar.com\/avatar\/3c6c936a7eb63c2d100087d9bb51c73faf16ded613e40208457798ccc0663c86?s=96&d=mm&r=g","contentUrl":"https:\/\/secure.gravatar.com\/avatar\/3c6c936a7eb63c2d100087d9bb51c73faf16ded613e40208457798ccc0663c86?s=96&d=mm&r=g","caption":"Elena Nu\u00f1ez"},"url":"https:\/\/sanfeliz.es\/en\/author\/elena\/"}]}},"_links":{"self":[{"href":"https:\/\/sanfeliz.es\/en\/wp-json\/wp\/v2\/posts\/2042","targetHints":{"allow":["GET"]}}],"collection":[{"href":"https:\/\/sanfeliz.es\/en\/wp-json\/wp\/v2\/posts"}],"about":[{"href":"https:\/\/sanfeliz.es\/en\/wp-json\/wp\/v2\/types\/post"}],"author":[{"embeddable":true,"href":"https:\/\/sanfeliz.es\/en\/wp-json\/wp\/v2\/users\/2"}],"replies":[{"embeddable":true,"href":"https:\/\/sanfeliz.es\/en\/wp-json\/wp\/v2\/comments?post=2042"}],"version-history":[{"count":0,"href":"https:\/\/sanfeliz.es\/en\/wp-json\/wp\/v2\/posts\/2042\/revisions"}],"wp:featuredmedia":[{"embeddable":true,"href":"https:\/\/sanfeliz.es\/en\/wp-json\/wp\/v2\/media\/2043"}],"wp:attachment":[{"href":"https:\/\/sanfeliz.es\/en\/wp-json\/wp\/v2\/media?parent=2042"}],"wp:term":[{"taxonomy":"category","embeddable":true,"href":"https:\/\/sanfeliz.es\/en\/wp-json\/wp\/v2\/categories?post=2042"},{"taxonomy":"post_tag","embeddable":true,"href":"https:\/\/sanfeliz.es\/en\/wp-json\/wp\/v2\/tags?post=2042"}],"curies":[{"name":"wp","href":"https:\/\/api.w.org\/{rel}","templated":true}]}}