{"id":363,"date":"2023-05-02T19:37:29","date_gmt":"2023-05-02T19:37:29","guid":{"rendered":"https:\/\/blog.sanfeliz.es\/?p=265"},"modified":"2024-06-14T12:49:41","modified_gmt":"2024-06-14T10:49:41","slug":"experiencia-completa-en-asturias","status":"publish","type":"post","link":"https:\/\/sanfeliz.es\/en\/2023\/05\/02\/experiencia-completa-en-asturias\/","title":{"rendered":"Experiencia completa en Asturias"},"content":{"rendered":"<p>Hay <strong>dos formas de ir de vacaciones:<\/strong><\/p>\r\n\r\n\r\n\r\n<p><strong>La primera, dejarte fluir.<\/strong> Organizar visitas b\u00e1sicas antes de viajar e ir amold\u00e1ndote d\u00eda a d\u00eda una vez en el viaje, seg\u00fan ganas, tiempo y temperatura.<\/p>\r\n\r\n\r\n\r\n<p><strong>La segunda, antes de viajar, tenerlo todo organizado<\/strong>. Aunque esta opci\u00f3n a priori da un poco m\u00e1s de pereza porque tienes que \u00abestudiar\u00bb que hay en ese entorno interesante, comprar entradas si fuera necesario y saber que tienes que ver si o si, d\u00f3nde comer, d\u00f3nde cenar&#8230; realmente facilita mucho el viaje y hace que tengas m\u00e1s tiempo para disfrutar.<\/p>\r\n\r\n\r\n\r\n<p>Si eres de los segundos que quieren tenerlo todo organizado pero que les da pereza hacerlo, nosotros adem\u00e1s de proporcionarte alojamiento en <strong><a href=\"https:\/\/sanfeliz.es\/en\/\" data-type=\"URL\" data-id=\"https:\/\/www.sanfeliz.es\/reservas\/reservas.html\">Apartamentos Rurales San Feliz<\/a><\/strong>, te proponemos una <strong>serie de planes para hacer en tu fin de semana en Asturias<\/strong>.<\/p>\r\n\r\n\r\n\r\n<p><strong>Los planes se adaptan<\/strong> a vuestros gustos, evidentemente, y son flexibles. Pueden ir desde pasar una tarde en <strong>Oviedo<\/strong>, hasta hacer una ruta de senderismo por el <a href=\"https:\/\/www.turismoasturias.es\/descubre\/naturaleza\/reservas-de-la-biosfera\/parque-natural-de-las-ubinas-la-mesa\"><strong>Parque Natural de las Ubi\u00f1as- La Mesa<\/strong>, <strong>Reserva de la Biosfera<\/strong><\/a>, como tomar unas sidras en la zona del parque en Pola de Lena o visitar la <a href=\"https:\/\/www.turismoasturias.es\/descubre\/cultura\/prerromanico\/santa-cristina-de-lena\"><strong>Iglesia Prerrom\u00e1nica de Santa Cristina<\/strong><\/a> dando un paseo.<\/p>\r\n\r\n\r\n\r\n<p>La organizaci\u00f3n que hacemos del fin de semana es <strong>totalmente gratuito<\/strong>. Te proponemos planes desde el viernes de tarde-noche hasta el domingo por la ma\u00f1ana que m\u00e1s encajen con el tipo de turismo que quieres hacer. Tambi\u00e9n podemos gestionar las reservas en los restaurantes si quer\u00e9is tapear o cenar.<\/p>\r\n\r\n\r\n\r\n<p>Para m\u00e1s informaci\u00f3n puedes llamar al <strong>696635611.<\/strong><\/p>\r\n\r\n\r\n\r\n<p>&nbsp;<\/p>","protected":false},"excerpt":{"rendered":"<p>Hay dos formas de ir de vacaciones: La primera, dejarte fluir. Organizar visitas b\u00e1sicas antes de viajar e ir amold\u00e1ndote d\u00eda a d\u00eda una vez en el viaje, seg\u00fan ganas, tiempo y temperatura. La segunda, antes de viajar, tenerlo todo organizado. Aunque esta opci\u00f3n a priori da un poco m\u00e1s de pereza porque tienes que [&hellip;]<\/p>\n","protected":false},"author":2,"featured_media":384,"comment_status":"closed","ping_status":"closed","sticky":false,"template":"","format":"standard","meta":{"footnotes":""},"categories":[1],"tags":[6,18,7,19,20,9,10,11,13,14,15,45,16,51],"class_list":["post-363","post","type-post","status-publish","format-standard","has-post-thumbnail","hentry","category-sin-categoria","tag-apartamentos","tag-apartamentosasturias","tag-asturias","tag-asturiasparaisonatural","tag-feliz","tag-lena","tag-montanacentralasturias","tag-naturaleza","tag-rural","tag-ruralife","tag-sanfeliz","tag-santacristinadelena-prerromanicoasturias-lenadestino","tag-turismo","tag-turismoasturias-sidra-primavera-flores-senderismo-rutas-rutasasturias-familia-familiaviajera-petfriendly"],"yoast_head":"<!-- This site is optimized with the Yoast SEO plugin v27.5 - https:\/\/yoast.com\/product\/yoast-seo-wordpress\/ -->\n<title>Experiencia completa en Asturias - Espacio Rural San Feliz<\/title>\n<meta name=\"description\" content=\"Desde Espacio Rural San Feliz te organizamos un fin de semana completo en Asturias para que cuando est\u00e9s de vacaciones la \u00fanica preocupaci\u00f3n sea disfrutar del para\u00edso.\" \/>\n<meta name=\"robots\" content=\"index, follow, max-snippet:-1, max-image-preview:large, max-video-preview:-1\" \/>\n<link rel=\"canonical\" href=\"https:\/\/sanfeliz.es\/en\/2023\/05\/02\/experiencia-completa-en-asturias\/\" \/>\n<meta property=\"og:locale\" content=\"en_GB\" \/>\n<meta property=\"og:type\" content=\"article\" \/>\n<meta property=\"og:title\" content=\"Experiencia completa en Asturias - Espacio Rural San Feliz\" \/>\n<meta property=\"og:description\" content=\"Desde Espacio Rural San Feliz te organizamos un fin de semana completo en Asturias para que cuando est\u00e9s de vacaciones la \u00fanica preocupaci\u00f3n sea disfrutar del para\u00edso.\" \/>\n<meta property=\"og:url\" content=\"https:\/\/sanfeliz.es\/en\/2023\/05\/02\/experiencia-completa-en-asturias\/\" \/>\n<meta property=\"og:site_name\" content=\"Espacio Rural San Feliz\" \/>\n<meta property=\"article:published_time\" content=\"2023-05-02T19:37:29+00:00\" \/>\n<meta property=\"article:modified_time\" content=\"2024-06-14T10:49:41+00:00\" \/>\n<meta property=\"og:image\" content=\"https:\/\/sanfeliz.es\/wp-content\/uploads\/2023\/09\/pack-fin-de-semana-768x644-1.jpg\" \/>\n\t<meta property=\"og:image:width\" content=\"940\" \/>\n\t<meta property=\"og:image:height\" content=\"788\" \/>\n\t<meta property=\"og:image:type\" content=\"image\/jpeg\" \/>\n<meta name=\"author\" content=\"Elena Nu\u00f1ez\" \/>\n<meta name=\"twitter:card\" content=\"summary_large_image\" \/>\n<meta name=\"twitter:label1\" content=\"Written by\" \/>\n\t<meta name=\"twitter:data1\" content=\"Elena Nu\u00f1ez\" \/>\n\t<meta name=\"twitter:label2\" content=\"Estimated reading time\" \/>\n\t<meta name=\"twitter:data2\" content=\"2 minutes\" \/>\n<script type=\"application\/ld+json\" class=\"yoast-schema-graph\">{\"@context\":\"https:\\\/\\\/schema.org\",\"@graph\":[{\"@type\":\"Article\",\"@id\":\"https:\\\/\\\/sanfeliz.es\\\/2023\\\/05\\\/02\\\/experiencia-completa-en-asturias\\\/#article\",\"isPartOf\":{\"@id\":\"https:\\\/\\\/sanfeliz.es\\\/2023\\\/05\\\/02\\\/experiencia-completa-en-asturias\\\/\"},\"author\":{\"name\":\"Elena Nu\u00f1ez\",\"@id\":\"https:\\\/\\\/sanfeliz.es\\\/#\\\/schema\\\/person\\\/69f500becb0f2064da1737a9685fdb23\"},\"headline\":\"Experiencia completa en Asturias\",\"datePublished\":\"2023-05-02T19:37:29+00:00\",\"dateModified\":\"2024-06-14T10:49:41+00:00\",\"mainEntityOfPage\":{\"@id\":\"https:\\\/\\\/sanfeliz.es\\\/2023\\\/05\\\/02\\\/experiencia-completa-en-asturias\\\/\"},\"wordCount\":276,\"publisher\":{\"@id\":\"https:\\\/\\\/sanfeliz.es\\\/#organization\"},\"image\":{\"@id\":\"https:\\\/\\\/sanfeliz.es\\\/2023\\\/05\\\/02\\\/experiencia-completa-en-asturias\\\/#primaryimage\"},\"thumbnailUrl\":\"https:\\\/\\\/sanfeliz.es\\\/wp-content\\\/uploads\\\/2023\\\/09\\\/pack-fin-de-semana-768x644-1.jpg\",\"keywords\":[\"#apartamentos\",\"#apartamentosasturias\",\"#asturias\",\"#asturiasparaisonatural\",\"#feliz\",\"#lena\",\"#monta\u00f1acentralasturias\",\"#naturaleza\",\"#rural\",\"#ruralife\",\"#sanfeliz\",\"#SantaCristinadeLena #PrerromanicoAsturias #LenaDestino\",\"#turismo\",\"#turismoasturias #sidra #primavera #flores #senderismo #rutas #rutasAsturias #familia #familiaviajera #petfriendly\"],\"articleSection\":[\"Sin categor\u00eda\"],\"inLanguage\":\"en-GB\"},{\"@type\":\"WebPage\",\"@id\":\"https:\\\/\\\/sanfeliz.es\\\/2023\\\/05\\\/02\\\/experiencia-completa-en-asturias\\\/\",\"url\":\"https:\\\/\\\/sanfeliz.es\\\/2023\\\/05\\\/02\\\/experiencia-completa-en-asturias\\\/\",\"name\":\"Experiencia completa en Asturias - Espacio Rural San Feliz\",\"isPartOf\":{\"@id\":\"https:\\\/\\\/sanfeliz.es\\\/#website\"},\"primaryImageOfPage\":{\"@id\":\"https:\\\/\\\/sanfeliz.es\\\/2023\\\/05\\\/02\\\/experiencia-completa-en-asturias\\\/#primaryimage\"},\"image\":{\"@id\":\"https:\\\/\\\/sanfeliz.es\\\/2023\\\/05\\\/02\\\/experiencia-completa-en-asturias\\\/#primaryimage\"},\"thumbnailUrl\":\"https:\\\/\\\/sanfeliz.es\\\/wp-content\\\/uploads\\\/2023\\\/09\\\/pack-fin-de-semana-768x644-1.jpg\",\"datePublished\":\"2023-05-02T19:37:29+00:00\",\"dateModified\":\"2024-06-14T10:49:41+00:00\",\"description\":\"Desde Espacio Rural San Feliz te organizamos un fin de semana completo en Asturias para que cuando est\u00e9s de vacaciones la \u00fanica preocupaci\u00f3n sea disfrutar del para\u00edso.\",\"breadcrumb\":{\"@id\":\"https:\\\/\\\/sanfeliz.es\\\/2023\\\/05\\\/02\\\/experiencia-completa-en-asturias\\\/#breadcrumb\"},\"inLanguage\":\"en-GB\",\"potentialAction\":[{\"@type\":\"ReadAction\",\"target\":[\"https:\\\/\\\/sanfeliz.es\\\/2023\\\/05\\\/02\\\/experiencia-completa-en-asturias\\\/\"]}]},{\"@type\":\"ImageObject\",\"inLanguage\":\"en-GB\",\"@id\":\"https:\\\/\\\/sanfeliz.es\\\/2023\\\/05\\\/02\\\/experiencia-completa-en-asturias\\\/#primaryimage\",\"url\":\"https:\\\/\\\/sanfeliz.es\\\/wp-content\\\/uploads\\\/2023\\\/09\\\/pack-fin-de-semana-768x644-1.jpg\",\"contentUrl\":\"https:\\\/\\\/sanfeliz.es\\\/wp-content\\\/uploads\\\/2023\\\/09\\\/pack-fin-de-semana-768x644-1.jpg\",\"width\":940,\"height\":788,\"caption\":\"alojamiento asturias\"},{\"@type\":\"BreadcrumbList\",\"@id\":\"https:\\\/\\\/sanfeliz.es\\\/2023\\\/05\\\/02\\\/experiencia-completa-en-asturias\\\/#breadcrumb\",\"itemListElement\":[{\"@type\":\"ListItem\",\"position\":1,\"name\":\"Portada\",\"item\":\"https:\\\/\\\/sanfeliz.es\\\/\"},{\"@type\":\"ListItem\",\"position\":2,\"name\":\"Experiencia completa en Asturias\"}]},{\"@type\":\"WebSite\",\"@id\":\"https:\\\/\\\/sanfeliz.es\\\/#website\",\"url\":\"https:\\\/\\\/sanfeliz.es\\\/\",\"name\":\"Espacio Rural San Feliz\",\"description\":\"Apartamentos rurales San feliz\",\"publisher\":{\"@id\":\"https:\\\/\\\/sanfeliz.es\\\/#organization\"},\"potentialAction\":[{\"@type\":\"SearchAction\",\"target\":{\"@type\":\"EntryPoint\",\"urlTemplate\":\"https:\\\/\\\/sanfeliz.es\\\/?s={search_term_string}\"},\"query-input\":{\"@type\":\"PropertyValueSpecification\",\"valueRequired\":true,\"valueName\":\"search_term_string\"}}],\"inLanguage\":\"en-GB\"},{\"@type\":\"Organization\",\"@id\":\"https:\\\/\\\/sanfeliz.es\\\/#organization\",\"name\":\"Espacio Rural San Feliz\",\"url\":\"https:\\\/\\\/sanfeliz.es\\\/\",\"logo\":{\"@type\":\"ImageObject\",\"inLanguage\":\"en-GB\",\"@id\":\"https:\\\/\\\/sanfeliz.es\\\/#\\\/schema\\\/logo\\\/image\\\/\",\"url\":\"https:\\\/\\\/sanfeliz.es\\\/wp-content\\\/uploads\\\/2023\\\/09\\\/logo-san-feliz-web.png\",\"contentUrl\":\"https:\\\/\\\/sanfeliz.es\\\/wp-content\\\/uploads\\\/2023\\\/09\\\/logo-san-feliz-web.png\",\"width\":350,\"height\":124,\"caption\":\"Espacio Rural San Feliz\"},\"image\":{\"@id\":\"https:\\\/\\\/sanfeliz.es\\\/#\\\/schema\\\/logo\\\/image\\\/\"}},{\"@type\":\"Person\",\"@id\":\"https:\\\/\\\/sanfeliz.es\\\/#\\\/schema\\\/person\\\/69f500becb0f2064da1737a9685fdb23\",\"name\":\"Elena Nu\u00f1ez\",\"image\":{\"@type\":\"ImageObject\",\"inLanguage\":\"en-GB\",\"@id\":\"https:\\\/\\\/secure.gravatar.com\\\/avatar\\\/3c6c936a7eb63c2d100087d9bb51c73faf16ded613e40208457798ccc0663c86?s=96&d=mm&r=g\",\"url\":\"https:\\\/\\\/secure.gravatar.com\\\/avatar\\\/3c6c936a7eb63c2d100087d9bb51c73faf16ded613e40208457798ccc0663c86?s=96&d=mm&r=g\",\"contentUrl\":\"https:\\\/\\\/secure.gravatar.com\\\/avatar\\\/3c6c936a7eb63c2d100087d9bb51c73faf16ded613e40208457798ccc0663c86?s=96&d=mm&r=g\",\"caption\":\"Elena Nu\u00f1ez\"},\"url\":\"https:\\\/\\\/sanfeliz.es\\\/en\\\/author\\\/elena\\\/\"}]}<\/script>\n<!-- \/ Yoast SEO plugin. -->","yoast_head_json":{"title":"Experiencia completa en Asturias - Espacio Rural San Feliz","description":"Desde Espacio Rural San Feliz te organizamos un fin de semana completo en Asturias para que cuando est\u00e9s de vacaciones la \u00fanica preocupaci\u00f3n sea disfrutar del para\u00edso.","robots":{"index":"index","follow":"follow","max-snippet":"max-snippet:-1","max-image-preview":"max-image-preview:large","max-video-preview":"max-video-preview:-1"},"canonical":"https:\/\/sanfeliz.es\/en\/2023\/05\/02\/experiencia-completa-en-asturias\/","og_locale":"en_GB","og_type":"article","og_title":"Experiencia completa en Asturias - Espacio Rural San Feliz","og_description":"Desde Espacio Rural San Feliz te organizamos un fin de semana completo en Asturias para que cuando est\u00e9s de vacaciones la \u00fanica preocupaci\u00f3n sea disfrutar del para\u00edso.","og_url":"https:\/\/sanfeliz.es\/en\/2023\/05\/02\/experiencia-completa-en-asturias\/","og_site_name":"Espacio Rural San Feliz","article_published_time":"2023-05-02T19:37:29+00:00","article_modified_time":"2024-06-14T10:49:41+00:00","og_image":[{"width":940,"height":788,"url":"https:\/\/sanfeliz.es\/wp-content\/uploads\/2023\/09\/pack-fin-de-semana-768x644-1.jpg","type":"image\/jpeg"}],"author":"Elena Nu\u00f1ez","twitter_card":"summary_large_image","twitter_misc":{"Written by":"Elena Nu\u00f1ez","Estimated reading time":"2 minutes"},"schema":{"@context":"https:\/\/schema.org","@graph":[{"@type":"Article","@id":"https:\/\/sanfeliz.es\/2023\/05\/02\/experiencia-completa-en-asturias\/#article","isPartOf":{"@id":"https:\/\/sanfeliz.es\/2023\/05\/02\/experiencia-completa-en-asturias\/"},"author":{"name":"Elena Nu\u00f1ez","@id":"https:\/\/sanfeliz.es\/#\/schema\/person\/69f500becb0f2064da1737a9685fdb23"},"headline":"Experiencia completa en Asturias","datePublished":"2023-05-02T19:37:29+00:00","dateModified":"2024-06-14T10:49:41+00:00","mainEntityOfPage":{"@id":"https:\/\/sanfeliz.es\/2023\/05\/02\/experiencia-completa-en-asturias\/"},"wordCount":276,"publisher":{"@id":"https:\/\/sanfeliz.es\/#organization"},"image":{"@id":"https:\/\/sanfeliz.es\/2023\/05\/02\/experiencia-completa-en-asturias\/#primaryimage"},"thumbnailUrl":"https:\/\/sanfeliz.es\/wp-content\/uploads\/2023\/09\/pack-fin-de-semana-768x644-1.jpg","keywords":["#apartamentos","#apartamentosasturias","#asturias","#asturiasparaisonatural","#feliz","#lena","#monta\u00f1acentralasturias","#naturaleza","#rural","#ruralife","#sanfeliz","#SantaCristinadeLena #PrerromanicoAsturias #LenaDestino","#turismo","#turismoasturias #sidra #primavera #flores #senderismo #rutas #rutasAsturias #familia #familiaviajera #petfriendly"],"articleSection":["Sin categor\u00eda"],"inLanguage":"en-GB"},{"@type":"WebPage","@id":"https:\/\/sanfeliz.es\/2023\/05\/02\/experiencia-completa-en-asturias\/","url":"https:\/\/sanfeliz.es\/2023\/05\/02\/experiencia-completa-en-asturias\/","name":"Experiencia completa en Asturias - Espacio Rural San Feliz","isPartOf":{"@id":"https:\/\/sanfeliz.es\/#website"},"primaryImageOfPage":{"@id":"https:\/\/sanfeliz.es\/2023\/05\/02\/experiencia-completa-en-asturias\/#primaryimage"},"image":{"@id":"https:\/\/sanfeliz.es\/2023\/05\/02\/experiencia-completa-en-asturias\/#primaryimage"},"thumbnailUrl":"https:\/\/sanfeliz.es\/wp-content\/uploads\/2023\/09\/pack-fin-de-semana-768x644-1.jpg","datePublished":"2023-05-02T19:37:29+00:00","dateModified":"2024-06-14T10:49:41+00:00","description":"Desde Espacio Rural San Feliz te organizamos un fin de semana completo en Asturias para que cuando est\u00e9s de vacaciones la \u00fanica preocupaci\u00f3n sea disfrutar del para\u00edso.","breadcrumb":{"@id":"https:\/\/sanfeliz.es\/2023\/05\/02\/experiencia-completa-en-asturias\/#breadcrumb"},"inLanguage":"en-GB","potentialAction":[{"@type":"ReadAction","target":["https:\/\/sanfeliz.es\/2023\/05\/02\/experiencia-completa-en-asturias\/"]}]},{"@type":"ImageObject","inLanguage":"en-GB","@id":"https:\/\/sanfeliz.es\/2023\/05\/02\/experiencia-completa-en-asturias\/#primaryimage","url":"https:\/\/sanfeliz.es\/wp-content\/uploads\/2023\/09\/pack-fin-de-semana-768x644-1.jpg","contentUrl":"https:\/\/sanfeliz.es\/wp-content\/uploads\/2023\/09\/pack-fin-de-semana-768x644-1.jpg","width":940,"height":788,"caption":"alojamiento asturias"},{"@type":"BreadcrumbList","@id":"https:\/\/sanfeliz.es\/2023\/05\/02\/experiencia-completa-en-asturias\/#breadcrumb","itemListElement":[{"@type":"ListItem","position":1,"name":"Portada","item":"https:\/\/sanfeliz.es\/"},{"@type":"ListItem","position":2,"name":"Experiencia completa en Asturias"}]},{"@type":"WebSite","@id":"https:\/\/sanfeliz.es\/#website","url":"https:\/\/sanfeliz.es\/","name":"Espacio Rural San Feliz","description":"Apartamentos rurales San feliz","publisher":{"@id":"https:\/\/sanfeliz.es\/#organization"},"potentialAction":[{"@type":"SearchAction","target":{"@type":"EntryPoint","urlTemplate":"https:\/\/sanfeliz.es\/?s={search_term_string}"},"query-input":{"@type":"PropertyValueSpecification","valueRequired":true,"valueName":"search_term_string"}}],"inLanguage":"en-GB"},{"@type":"Organization","@id":"https:\/\/sanfeliz.es\/#organization","name":"Espacio Rural San Feliz","url":"https:\/\/sanfeliz.es\/","logo":{"@type":"ImageObject","inLanguage":"en-GB","@id":"https:\/\/sanfeliz.es\/#\/schema\/logo\/image\/","url":"https:\/\/sanfeliz.es\/wp-content\/uploads\/2023\/09\/logo-san-feliz-web.png","contentUrl":"https:\/\/sanfeliz.es\/wp-content\/uploads\/2023\/09\/logo-san-feliz-web.png","width":350,"height":124,"caption":"Espacio Rural San Feliz"},"image":{"@id":"https:\/\/sanfeliz.es\/#\/schema\/logo\/image\/"}},{"@type":"Person","@id":"https:\/\/sanfeliz.es\/#\/schema\/person\/69f500becb0f2064da1737a9685fdb23","name":"Elena Nu\u00f1ez","image":{"@type":"ImageObject","inLanguage":"en-GB","@id":"https:\/\/secure.gravatar.com\/avatar\/3c6c936a7eb63c2d100087d9bb51c73faf16ded613e40208457798ccc0663c86?s=96&d=mm&r=g","url":"https:\/\/secure.gravatar.com\/avatar\/3c6c936a7eb63c2d100087d9bb51c73faf16ded613e40208457798ccc0663c86?s=96&d=mm&r=g","contentUrl":"https:\/\/secure.gravatar.com\/avatar\/3c6c936a7eb63c2d100087d9bb51c73faf16ded613e40208457798ccc0663c86?s=96&d=mm&r=g","caption":"Elena Nu\u00f1ez"},"url":"https:\/\/sanfeliz.es\/en\/author\/elena\/"}]}},"_links":{"self":[{"href":"https:\/\/sanfeliz.es\/en\/wp-json\/wp\/v2\/posts\/363","targetHints":{"allow":["GET"]}}],"collection":[{"href":"https:\/\/sanfeliz.es\/en\/wp-json\/wp\/v2\/posts"}],"about":[{"href":"https:\/\/sanfeliz.es\/en\/wp-json\/wp\/v2\/types\/post"}],"author":[{"embeddable":true,"href":"https:\/\/sanfeliz.es\/en\/wp-json\/wp\/v2\/users\/2"}],"replies":[{"embeddable":true,"href":"https:\/\/sanfeliz.es\/en\/wp-json\/wp\/v2\/comments?post=363"}],"version-history":[{"count":0,"href":"https:\/\/sanfeliz.es\/en\/wp-json\/wp\/v2\/posts\/363\/revisions"}],"wp:featuredmedia":[{"embeddable":true,"href":"https:\/\/sanfeliz.es\/en\/wp-json\/wp\/v2\/media\/384"}],"wp:attachment":[{"href":"https:\/\/sanfeliz.es\/en\/wp-json\/wp\/v2\/media?parent=363"}],"wp:term":[{"taxonomy":"category","embeddable":true,"href":"https:\/\/sanfeliz.es\/en\/wp-json\/wp\/v2\/categories?post=363"},{"taxonomy":"post_tag","embeddable":true,"href":"https:\/\/sanfeliz.es\/en\/wp-json\/wp\/v2\/tags?post=363"}],"curies":[{"name":"wp","href":"https:\/\/api.w.org\/{rel}","templated":true}]}}