{"id":364,"date":"2023-05-23T11:32:38","date_gmt":"2023-05-23T11:32:38","guid":{"rendered":"https:\/\/blog.sanfeliz.es\/?p=269"},"modified":"2024-06-14T09:25:15","modified_gmt":"2024-06-14T07:25:15","slug":"planes-de-fin-de-semana-en-asturias","status":"publish","type":"post","link":"https:\/\/sanfeliz.es\/en\/2023\/05\/23\/planes-de-fin-de-semana-en-asturias\/","title":{"rendered":"Planes de fin de semana en Asturias"},"content":{"rendered":"<p><strong>\u00bfTienes planes para junio en Asturias?<\/strong> Te proponemos algunos.<\/p>\n\n\n\n<ul class=\"wp-block-list\">\n<li>Descubre el <strong>Parque Natural de las Ubi\u00f1as- La Mesa<\/strong>, un rinc\u00f3n paradisiaco natural proclamado <strong>Reserva de la Biosfera<\/strong>.<\/li>\n<\/ul>\n\n\n\n<ul class=\"wp-block-list\">\n<li>Llega dando un <a href=\"https:\/\/sanfeliz.es\/en\/alojamiento-ideal-para-familias\/\" data-type=\"URL\" data-id=\"https:\/\/sanfeliz.es\/alojamiento-ideal-para-familias\/\">paseo hasta <strong>Santa Cristina de Lena<\/strong><\/a> desde <strong>San Feliz,<\/strong> <strong>Patrimonio de la Humanidad por la UNESCO<\/strong>.<\/li>\n<\/ul>\n\n\n\n<ul class=\"wp-block-list\">\n<li>Disfruta de unas sidras y unas pipas en una de las terrazas de la plaza de <strong>Requejo en Mieres<\/strong>.<\/li>\n<\/ul>\n\n\n\n<ul class=\"wp-block-list\">\n<li>Experimenta con la comida tradicional y del entorno y come uno de los men\u00fas degustaci\u00f3n con <strong>Estrella Michel\u00edn del Restaurante Monte en San Feliz<\/strong>.<\/li>\n<\/ul>\n\n\n\n<ul class=\"wp-block-list\">\n<li>Sube al nuevo <a href=\"https:\/\/sanfeliz.es\/en\/alojamiento-ideal-para-esquiadores\/\" data-type=\"URL\" data-id=\"https:\/\/sanfeliz.es\/alojamiento-ideal-para-esquiadores\/\"><strong>Telecabina de la Estaci\u00f3n de Valgrande \u2013 Pajares<\/strong><\/a> y emoci\u00f3nate con las vistas del <strong>Cuitu Negru<\/strong>.\u00a0<\/li>\n<\/ul>\n\n\n\n<ul class=\"wp-block-list\">\n<li>Desconecta caminando por el <strong>paseo mar\u00edtimo de Gij\u00f3n<\/strong>.<\/li>\n<\/ul>\n\n\n\n<p>Para disfrutar de todos estos planes no hay mejor sitio para quedarse que <a href=\"https:\/\/sanfeliz.es\/en\/\"><strong>San Feliz<\/strong><\/a>.\u00a0<\/p>\n\n\n\n<p>&nbsp;<\/p>\n\n\n\n<p>#sanfeliz #lena #asturias #asturiasparaisonatural #asturiasparaisorural #turismoasturias #turismo #turismorural #monta\u00f1acentralasturias #apartamentosasturias #apartamentos #rural #ruralife #naturaleza #feliz #primavera #petfriendly #casarural #casaruralasturias #casaruralconencanto #familia #familiaviajera<\/p>","protected":false},"excerpt":{"rendered":"<p>\u00bfTienes planes para junio en Asturias? Te proponemos algunos. Descubre el Parque Natural de las Ubi\u00f1as- La Mesa, un rinc\u00f3n paradisiaco natural proclamado Reserva de la Biosfera. Llega dando un paseo hasta Santa Cristina de Lena desde San Feliz, Patrimonio de la Humanidad por la UNESCO. Disfruta de unas sidras y unas pipas en una [&hellip;]<\/p>\n","protected":false},"author":2,"featured_media":382,"comment_status":"closed","ping_status":"closed","sticky":false,"template":"","format":"standard","meta":{"footnotes":""},"categories":[1],"tags":[6,18,7,19,20,9,10,11,13,14,15,45,16,51],"class_list":["post-364","post","type-post","status-publish","format-standard","has-post-thumbnail","hentry","category-sin-categoria","tag-apartamentos","tag-apartamentosasturias","tag-asturias","tag-asturiasparaisonatural","tag-feliz","tag-lena","tag-montanacentralasturias","tag-naturaleza","tag-rural","tag-ruralife","tag-sanfeliz","tag-santacristinadelena-prerromanicoasturias-lenadestino","tag-turismo","tag-turismoasturias-sidra-primavera-flores-senderismo-rutas-rutasasturias-familia-familiaviajera-petfriendly"],"yoast_head":"<!-- This site is optimized with the Yoast SEO plugin v27.5 - https:\/\/yoast.com\/product\/yoast-seo-wordpress\/ -->\n<title>Planes de fin de semana en Asturias - Espacio Rural San Feliz<\/title>\n<meta name=\"description\" content=\"Reserva un alojamiento rural en San Feliz y te organizamos un fin de semana completo con los mejores planes para disfrutar de Asturias.\" \/>\n<meta name=\"robots\" content=\"index, follow, max-snippet:-1, max-image-preview:large, max-video-preview:-1\" \/>\n<link rel=\"canonical\" href=\"https:\/\/sanfeliz.es\/en\/2023\/05\/23\/planes-de-fin-de-semana-en-asturias\/\" \/>\n<meta property=\"og:locale\" content=\"en_GB\" \/>\n<meta property=\"og:type\" content=\"article\" \/>\n<meta property=\"og:title\" content=\"Planes de fin de semana en Asturias - Espacio Rural San Feliz\" \/>\n<meta property=\"og:description\" content=\"Reserva un alojamiento rural en San Feliz y te organizamos un fin de semana completo con los mejores planes para disfrutar de Asturias.\" \/>\n<meta property=\"og:url\" content=\"https:\/\/sanfeliz.es\/en\/2023\/05\/23\/planes-de-fin-de-semana-en-asturias\/\" \/>\n<meta property=\"og:site_name\" content=\"Espacio Rural San Feliz\" \/>\n<meta property=\"article:published_time\" content=\"2023-05-23T11:32:38+00:00\" \/>\n<meta property=\"article:modified_time\" content=\"2024-06-14T07:25:15+00:00\" \/>\n<meta property=\"og:image\" content=\"https:\/\/sanfeliz.es\/wp-content\/uploads\/2023\/09\/Poster-Dia-Mundial-del-Medio-Ambiente-fotografia-paisaje-de-montanas-verdes-724x1024-1.jpg\" \/>\n\t<meta property=\"og:image:width\" content=\"800\" \/>\n\t<meta property=\"og:image:height\" content=\"1132\" \/>\n\t<meta property=\"og:image:type\" content=\"image\/jpeg\" \/>\n<meta name=\"author\" content=\"Elena Nu\u00f1ez\" \/>\n<meta name=\"twitter:card\" content=\"summary_large_image\" \/>\n<meta name=\"twitter:label1\" content=\"Written by\" \/>\n\t<meta name=\"twitter:data1\" content=\"Elena Nu\u00f1ez\" \/>\n\t<meta name=\"twitter:label2\" content=\"Estimated reading time\" \/>\n\t<meta name=\"twitter:data2\" content=\"2 minutes\" \/>\n<script type=\"application\/ld+json\" class=\"yoast-schema-graph\">{\"@context\":\"https:\\\/\\\/schema.org\",\"@graph\":[{\"@type\":\"Article\",\"@id\":\"https:\\\/\\\/sanfeliz.es\\\/2023\\\/05\\\/23\\\/planes-de-fin-de-semana-en-asturias\\\/#article\",\"isPartOf\":{\"@id\":\"https:\\\/\\\/sanfeliz.es\\\/2023\\\/05\\\/23\\\/planes-de-fin-de-semana-en-asturias\\\/\"},\"author\":{\"name\":\"Elena Nu\u00f1ez\",\"@id\":\"https:\\\/\\\/sanfeliz.es\\\/#\\\/schema\\\/person\\\/69f500becb0f2064da1737a9685fdb23\"},\"headline\":\"Planes de fin de semana en Asturias\",\"datePublished\":\"2023-05-23T11:32:38+00:00\",\"dateModified\":\"2024-06-14T07:25:15+00:00\",\"mainEntityOfPage\":{\"@id\":\"https:\\\/\\\/sanfeliz.es\\\/2023\\\/05\\\/23\\\/planes-de-fin-de-semana-en-asturias\\\/\"},\"wordCount\":204,\"publisher\":{\"@id\":\"https:\\\/\\\/sanfeliz.es\\\/#organization\"},\"image\":{\"@id\":\"https:\\\/\\\/sanfeliz.es\\\/2023\\\/05\\\/23\\\/planes-de-fin-de-semana-en-asturias\\\/#primaryimage\"},\"thumbnailUrl\":\"https:\\\/\\\/sanfeliz.es\\\/wp-content\\\/uploads\\\/2023\\\/09\\\/Poster-Dia-Mundial-del-Medio-Ambiente-fotografia-paisaje-de-montanas-verdes-724x1024-1.jpg\",\"keywords\":[\"#apartamentos\",\"#apartamentosasturias\",\"#asturias\",\"#asturiasparaisonatural\",\"#feliz\",\"#lena\",\"#monta\u00f1acentralasturias\",\"#naturaleza\",\"#rural\",\"#ruralife\",\"#sanfeliz\",\"#SantaCristinadeLena #PrerromanicoAsturias #LenaDestino\",\"#turismo\",\"#turismoasturias #sidra #primavera #flores #senderismo #rutas #rutasAsturias #familia #familiaviajera #petfriendly\"],\"articleSection\":[\"Sin categor\u00eda\"],\"inLanguage\":\"en-GB\"},{\"@type\":\"WebPage\",\"@id\":\"https:\\\/\\\/sanfeliz.es\\\/2023\\\/05\\\/23\\\/planes-de-fin-de-semana-en-asturias\\\/\",\"url\":\"https:\\\/\\\/sanfeliz.es\\\/2023\\\/05\\\/23\\\/planes-de-fin-de-semana-en-asturias\\\/\",\"name\":\"Planes de fin de semana en Asturias - Espacio Rural San Feliz\",\"isPartOf\":{\"@id\":\"https:\\\/\\\/sanfeliz.es\\\/#website\"},\"primaryImageOfPage\":{\"@id\":\"https:\\\/\\\/sanfeliz.es\\\/2023\\\/05\\\/23\\\/planes-de-fin-de-semana-en-asturias\\\/#primaryimage\"},\"image\":{\"@id\":\"https:\\\/\\\/sanfeliz.es\\\/2023\\\/05\\\/23\\\/planes-de-fin-de-semana-en-asturias\\\/#primaryimage\"},\"thumbnailUrl\":\"https:\\\/\\\/sanfeliz.es\\\/wp-content\\\/uploads\\\/2023\\\/09\\\/Poster-Dia-Mundial-del-Medio-Ambiente-fotografia-paisaje-de-montanas-verdes-724x1024-1.jpg\",\"datePublished\":\"2023-05-23T11:32:38+00:00\",\"dateModified\":\"2024-06-14T07:25:15+00:00\",\"description\":\"Reserva un alojamiento rural en San Feliz y te organizamos un fin de semana completo con los mejores planes para disfrutar de Asturias.\",\"breadcrumb\":{\"@id\":\"https:\\\/\\\/sanfeliz.es\\\/2023\\\/05\\\/23\\\/planes-de-fin-de-semana-en-asturias\\\/#breadcrumb\"},\"inLanguage\":\"en-GB\",\"potentialAction\":[{\"@type\":\"ReadAction\",\"target\":[\"https:\\\/\\\/sanfeliz.es\\\/2023\\\/05\\\/23\\\/planes-de-fin-de-semana-en-asturias\\\/\"]}]},{\"@type\":\"ImageObject\",\"inLanguage\":\"en-GB\",\"@id\":\"https:\\\/\\\/sanfeliz.es\\\/2023\\\/05\\\/23\\\/planes-de-fin-de-semana-en-asturias\\\/#primaryimage\",\"url\":\"https:\\\/\\\/sanfeliz.es\\\/wp-content\\\/uploads\\\/2023\\\/09\\\/Poster-Dia-Mundial-del-Medio-Ambiente-fotografia-paisaje-de-montanas-verdes-724x1024-1.jpg\",\"contentUrl\":\"https:\\\/\\\/sanfeliz.es\\\/wp-content\\\/uploads\\\/2023\\\/09\\\/Poster-Dia-Mundial-del-Medio-Ambiente-fotografia-paisaje-de-montanas-verdes-724x1024-1.jpg\",\"width\":800,\"height\":1132,\"caption\":\"fin de semana asturias\"},{\"@type\":\"BreadcrumbList\",\"@id\":\"https:\\\/\\\/sanfeliz.es\\\/2023\\\/05\\\/23\\\/planes-de-fin-de-semana-en-asturias\\\/#breadcrumb\",\"itemListElement\":[{\"@type\":\"ListItem\",\"position\":1,\"name\":\"Portada\",\"item\":\"https:\\\/\\\/sanfeliz.es\\\/\"},{\"@type\":\"ListItem\",\"position\":2,\"name\":\"Planes de fin de semana en Asturias\"}]},{\"@type\":\"WebSite\",\"@id\":\"https:\\\/\\\/sanfeliz.es\\\/#website\",\"url\":\"https:\\\/\\\/sanfeliz.es\\\/\",\"name\":\"Espacio Rural San Feliz\",\"description\":\"Apartamentos rurales San feliz\",\"publisher\":{\"@id\":\"https:\\\/\\\/sanfeliz.es\\\/#organization\"},\"potentialAction\":[{\"@type\":\"SearchAction\",\"target\":{\"@type\":\"EntryPoint\",\"urlTemplate\":\"https:\\\/\\\/sanfeliz.es\\\/?s={search_term_string}\"},\"query-input\":{\"@type\":\"PropertyValueSpecification\",\"valueRequired\":true,\"valueName\":\"search_term_string\"}}],\"inLanguage\":\"en-GB\"},{\"@type\":\"Organization\",\"@id\":\"https:\\\/\\\/sanfeliz.es\\\/#organization\",\"name\":\"Espacio Rural San Feliz\",\"url\":\"https:\\\/\\\/sanfeliz.es\\\/\",\"logo\":{\"@type\":\"ImageObject\",\"inLanguage\":\"en-GB\",\"@id\":\"https:\\\/\\\/sanfeliz.es\\\/#\\\/schema\\\/logo\\\/image\\\/\",\"url\":\"https:\\\/\\\/sanfeliz.es\\\/wp-content\\\/uploads\\\/2023\\\/09\\\/logo-san-feliz-web.png\",\"contentUrl\":\"https:\\\/\\\/sanfeliz.es\\\/wp-content\\\/uploads\\\/2023\\\/09\\\/logo-san-feliz-web.png\",\"width\":350,\"height\":124,\"caption\":\"Espacio Rural San Feliz\"},\"image\":{\"@id\":\"https:\\\/\\\/sanfeliz.es\\\/#\\\/schema\\\/logo\\\/image\\\/\"}},{\"@type\":\"Person\",\"@id\":\"https:\\\/\\\/sanfeliz.es\\\/#\\\/schema\\\/person\\\/69f500becb0f2064da1737a9685fdb23\",\"name\":\"Elena Nu\u00f1ez\",\"image\":{\"@type\":\"ImageObject\",\"inLanguage\":\"en-GB\",\"@id\":\"https:\\\/\\\/secure.gravatar.com\\\/avatar\\\/3c6c936a7eb63c2d100087d9bb51c73faf16ded613e40208457798ccc0663c86?s=96&d=mm&r=g\",\"url\":\"https:\\\/\\\/secure.gravatar.com\\\/avatar\\\/3c6c936a7eb63c2d100087d9bb51c73faf16ded613e40208457798ccc0663c86?s=96&d=mm&r=g\",\"contentUrl\":\"https:\\\/\\\/secure.gravatar.com\\\/avatar\\\/3c6c936a7eb63c2d100087d9bb51c73faf16ded613e40208457798ccc0663c86?s=96&d=mm&r=g\",\"caption\":\"Elena Nu\u00f1ez\"},\"url\":\"https:\\\/\\\/sanfeliz.es\\\/en\\\/author\\\/elena\\\/\"}]}<\/script>\n<!-- \/ Yoast SEO plugin. -->","yoast_head_json":{"title":"Planes de fin de semana en Asturias - Espacio Rural San Feliz","description":"Reserva un alojamiento rural en San Feliz y te organizamos un fin de semana completo con los mejores planes para disfrutar de Asturias.","robots":{"index":"index","follow":"follow","max-snippet":"max-snippet:-1","max-image-preview":"max-image-preview:large","max-video-preview":"max-video-preview:-1"},"canonical":"https:\/\/sanfeliz.es\/en\/2023\/05\/23\/planes-de-fin-de-semana-en-asturias\/","og_locale":"en_GB","og_type":"article","og_title":"Planes de fin de semana en Asturias - Espacio Rural San Feliz","og_description":"Reserva un alojamiento rural en San Feliz y te organizamos un fin de semana completo con los mejores planes para disfrutar de Asturias.","og_url":"https:\/\/sanfeliz.es\/en\/2023\/05\/23\/planes-de-fin-de-semana-en-asturias\/","og_site_name":"Espacio Rural San Feliz","article_published_time":"2023-05-23T11:32:38+00:00","article_modified_time":"2024-06-14T07:25:15+00:00","og_image":[{"width":800,"height":1132,"url":"https:\/\/sanfeliz.es\/wp-content\/uploads\/2023\/09\/Poster-Dia-Mundial-del-Medio-Ambiente-fotografia-paisaje-de-montanas-verdes-724x1024-1.jpg","type":"image\/jpeg"}],"author":"Elena Nu\u00f1ez","twitter_card":"summary_large_image","twitter_misc":{"Written by":"Elena Nu\u00f1ez","Estimated reading time":"2 minutes"},"schema":{"@context":"https:\/\/schema.org","@graph":[{"@type":"Article","@id":"https:\/\/sanfeliz.es\/2023\/05\/23\/planes-de-fin-de-semana-en-asturias\/#article","isPartOf":{"@id":"https:\/\/sanfeliz.es\/2023\/05\/23\/planes-de-fin-de-semana-en-asturias\/"},"author":{"name":"Elena Nu\u00f1ez","@id":"https:\/\/sanfeliz.es\/#\/schema\/person\/69f500becb0f2064da1737a9685fdb23"},"headline":"Planes de fin de semana en Asturias","datePublished":"2023-05-23T11:32:38+00:00","dateModified":"2024-06-14T07:25:15+00:00","mainEntityOfPage":{"@id":"https:\/\/sanfeliz.es\/2023\/05\/23\/planes-de-fin-de-semana-en-asturias\/"},"wordCount":204,"publisher":{"@id":"https:\/\/sanfeliz.es\/#organization"},"image":{"@id":"https:\/\/sanfeliz.es\/2023\/05\/23\/planes-de-fin-de-semana-en-asturias\/#primaryimage"},"thumbnailUrl":"https:\/\/sanfeliz.es\/wp-content\/uploads\/2023\/09\/Poster-Dia-Mundial-del-Medio-Ambiente-fotografia-paisaje-de-montanas-verdes-724x1024-1.jpg","keywords":["#apartamentos","#apartamentosasturias","#asturias","#asturiasparaisonatural","#feliz","#lena","#monta\u00f1acentralasturias","#naturaleza","#rural","#ruralife","#sanfeliz","#SantaCristinadeLena #PrerromanicoAsturias #LenaDestino","#turismo","#turismoasturias #sidra #primavera #flores #senderismo #rutas #rutasAsturias #familia #familiaviajera #petfriendly"],"articleSection":["Sin categor\u00eda"],"inLanguage":"en-GB"},{"@type":"WebPage","@id":"https:\/\/sanfeliz.es\/2023\/05\/23\/planes-de-fin-de-semana-en-asturias\/","url":"https:\/\/sanfeliz.es\/2023\/05\/23\/planes-de-fin-de-semana-en-asturias\/","name":"Planes de fin de semana en Asturias - Espacio Rural San Feliz","isPartOf":{"@id":"https:\/\/sanfeliz.es\/#website"},"primaryImageOfPage":{"@id":"https:\/\/sanfeliz.es\/2023\/05\/23\/planes-de-fin-de-semana-en-asturias\/#primaryimage"},"image":{"@id":"https:\/\/sanfeliz.es\/2023\/05\/23\/planes-de-fin-de-semana-en-asturias\/#primaryimage"},"thumbnailUrl":"https:\/\/sanfeliz.es\/wp-content\/uploads\/2023\/09\/Poster-Dia-Mundial-del-Medio-Ambiente-fotografia-paisaje-de-montanas-verdes-724x1024-1.jpg","datePublished":"2023-05-23T11:32:38+00:00","dateModified":"2024-06-14T07:25:15+00:00","description":"Reserva un alojamiento rural en San Feliz y te organizamos un fin de semana completo con los mejores planes para disfrutar de Asturias.","breadcrumb":{"@id":"https:\/\/sanfeliz.es\/2023\/05\/23\/planes-de-fin-de-semana-en-asturias\/#breadcrumb"},"inLanguage":"en-GB","potentialAction":[{"@type":"ReadAction","target":["https:\/\/sanfeliz.es\/2023\/05\/23\/planes-de-fin-de-semana-en-asturias\/"]}]},{"@type":"ImageObject","inLanguage":"en-GB","@id":"https:\/\/sanfeliz.es\/2023\/05\/23\/planes-de-fin-de-semana-en-asturias\/#primaryimage","url":"https:\/\/sanfeliz.es\/wp-content\/uploads\/2023\/09\/Poster-Dia-Mundial-del-Medio-Ambiente-fotografia-paisaje-de-montanas-verdes-724x1024-1.jpg","contentUrl":"https:\/\/sanfeliz.es\/wp-content\/uploads\/2023\/09\/Poster-Dia-Mundial-del-Medio-Ambiente-fotografia-paisaje-de-montanas-verdes-724x1024-1.jpg","width":800,"height":1132,"caption":"fin de semana asturias"},{"@type":"BreadcrumbList","@id":"https:\/\/sanfeliz.es\/2023\/05\/23\/planes-de-fin-de-semana-en-asturias\/#breadcrumb","itemListElement":[{"@type":"ListItem","position":1,"name":"Portada","item":"https:\/\/sanfeliz.es\/"},{"@type":"ListItem","position":2,"name":"Planes de fin de semana en Asturias"}]},{"@type":"WebSite","@id":"https:\/\/sanfeliz.es\/#website","url":"https:\/\/sanfeliz.es\/","name":"Espacio Rural San Feliz","description":"Apartamentos rurales San feliz","publisher":{"@id":"https:\/\/sanfeliz.es\/#organization"},"potentialAction":[{"@type":"SearchAction","target":{"@type":"EntryPoint","urlTemplate":"https:\/\/sanfeliz.es\/?s={search_term_string}"},"query-input":{"@type":"PropertyValueSpecification","valueRequired":true,"valueName":"search_term_string"}}],"inLanguage":"en-GB"},{"@type":"Organization","@id":"https:\/\/sanfeliz.es\/#organization","name":"Espacio Rural San Feliz","url":"https:\/\/sanfeliz.es\/","logo":{"@type":"ImageObject","inLanguage":"en-GB","@id":"https:\/\/sanfeliz.es\/#\/schema\/logo\/image\/","url":"https:\/\/sanfeliz.es\/wp-content\/uploads\/2023\/09\/logo-san-feliz-web.png","contentUrl":"https:\/\/sanfeliz.es\/wp-content\/uploads\/2023\/09\/logo-san-feliz-web.png","width":350,"height":124,"caption":"Espacio Rural San Feliz"},"image":{"@id":"https:\/\/sanfeliz.es\/#\/schema\/logo\/image\/"}},{"@type":"Person","@id":"https:\/\/sanfeliz.es\/#\/schema\/person\/69f500becb0f2064da1737a9685fdb23","name":"Elena Nu\u00f1ez","image":{"@type":"ImageObject","inLanguage":"en-GB","@id":"https:\/\/secure.gravatar.com\/avatar\/3c6c936a7eb63c2d100087d9bb51c73faf16ded613e40208457798ccc0663c86?s=96&d=mm&r=g","url":"https:\/\/secure.gravatar.com\/avatar\/3c6c936a7eb63c2d100087d9bb51c73faf16ded613e40208457798ccc0663c86?s=96&d=mm&r=g","contentUrl":"https:\/\/secure.gravatar.com\/avatar\/3c6c936a7eb63c2d100087d9bb51c73faf16ded613e40208457798ccc0663c86?s=96&d=mm&r=g","caption":"Elena Nu\u00f1ez"},"url":"https:\/\/sanfeliz.es\/en\/author\/elena\/"}]}},"_links":{"self":[{"href":"https:\/\/sanfeliz.es\/en\/wp-json\/wp\/v2\/posts\/364","targetHints":{"allow":["GET"]}}],"collection":[{"href":"https:\/\/sanfeliz.es\/en\/wp-json\/wp\/v2\/posts"}],"about":[{"href":"https:\/\/sanfeliz.es\/en\/wp-json\/wp\/v2\/types\/post"}],"author":[{"embeddable":true,"href":"https:\/\/sanfeliz.es\/en\/wp-json\/wp\/v2\/users\/2"}],"replies":[{"embeddable":true,"href":"https:\/\/sanfeliz.es\/en\/wp-json\/wp\/v2\/comments?post=364"}],"version-history":[{"count":0,"href":"https:\/\/sanfeliz.es\/en\/wp-json\/wp\/v2\/posts\/364\/revisions"}],"wp:featuredmedia":[{"embeddable":true,"href":"https:\/\/sanfeliz.es\/en\/wp-json\/wp\/v2\/media\/382"}],"wp:attachment":[{"href":"https:\/\/sanfeliz.es\/en\/wp-json\/wp\/v2\/media?parent=364"}],"wp:term":[{"taxonomy":"category","embeddable":true,"href":"https:\/\/sanfeliz.es\/en\/wp-json\/wp\/v2\/categories?post=364"},{"taxonomy":"post_tag","embeddable":true,"href":"https:\/\/sanfeliz.es\/en\/wp-json\/wp\/v2\/tags?post=364"}],"curies":[{"name":"wp","href":"https:\/\/api.w.org\/{rel}","templated":true}]}}